{"id":41893,"date":"2025-08-27T19:04:18","date_gmt":"2025-08-27T22:04:18","guid":{"rendered":"https:\/\/novasdodia.com.br\/index.php\/2025\/08\/27\/prefeitura-entrega-vila-dos-idosos-e-realiza-lancamentos-no-centro-nesta-sexta-feira-29-cgnoticias\/"},"modified":"2025-08-27T19:04:18","modified_gmt":"2025-08-27T22:04:18","slug":"prefeitura-entrega-vila-dos-idosos-e-realiza-lancamentos-no-centro-nesta-sexta-feira-29-cgnoticias","status":"publish","type":"post","link":"https:\/\/novasdodia.com.br\/index.php\/2025\/08\/27\/prefeitura-entrega-vila-dos-idosos-e-realiza-lancamentos-no-centro-nesta-sexta-feira-29-cgnoticias\/","title":{"rendered":"Prefeitura entrega Vila dos Idosos e realiza lan\u00e7amentos no Centro nesta sexta-feira (29) \u2013 CGNot\u00edcias"},"content":{"rendered":"<p><\/p>\n<div>\n<p>A Prefeitura de Campo Grande, realiza entrega de obras e faz lan\u00e7amentos na Regi\u00e3o do Centro, nesta sexta-feira, dia 29 de agosto, \u00e0s 8h. Por meio da Ag\u00eancia Municipal de Habita\u00e7\u00e3o e Assuntos Fundi\u00e1rios (EMHA), acontece a entrega da obra e o sorteio dos apartamentos do Condom\u00ednio Vila da Melhor Idade, localizado na Avenida F\u00e1bio Zahran, esquina com a Avenida Fernando Corr\u00eaa da Costa.\u00a0<\/p>\n<p>Tamb\u00e9m ser\u00e3o entregues obras na Pra\u00e7a da Vila Progresso, ciclovias das ruas Carand\u00e1, Arica e da Candel\u00e1ria e obras de amplia\u00e7\u00e3o na Escola de Governo. Entre os lan\u00e7amentos est\u00e3o a revitaliza\u00e7\u00e3o da Pra\u00e7a dos Imigrantes, Sistema E-SUS Samu e Ouvidoria itinerante.<\/p>\n<p>Sobre a Vila dos Idosos, o empreendimento \u00e9 o primeiro do munic\u00edpio a funcionar no modelo de loca\u00e7\u00e3o social e vai oferecer 40 apartamentos a pessoas idosas de baixa renda, com moradias acess\u00edveis, subsidiadas e adaptadas.\u00a0<\/p>\n<p>Cada unidade conta com 33,70 m\u00b2 e segue normas de acessibilidade. O condom\u00ednio tamb\u00e9m ter\u00e1 \u00e1reas de conviv\u00eancia, salas de apoio, capela, espa\u00e7o multiuso e 10 sal\u00f5es comerciais no t\u00e9rreo para auxiliar nos custos de manuten\u00e7\u00e3o.\u00a0<\/p>\n<p>O projeto conta com o apoio do Banco Interamericano de Desenvolvimento (BID) e refor\u00e7a o compromisso da Prefeitura em garantir qualidade de vida e dignidade \u00e0 popula\u00e7\u00e3o idosa.\u00a0<\/p>\n<p><strong>Servi\u00e7o<\/strong><\/p>\n<p><strong>A\u00e7\u00f5es de entregas na regi\u00e3o do Centro <\/strong><\/p>\n<p><strong>Data:\u00a0<\/strong>29 de agosto de 2025<\/p>\n<p><strong>Hor\u00e1rio:\u00a0<\/strong>08h<\/p>\n<p><strong>Endere\u00e7o:\u00a0<\/strong>Avenida F\u00e1bio Zahran, esquina com a Avenida Fernando Corr\u00eaa da Costa \u2013 Vila Carvalho<\/p>\n<\/div>\n<p><script async defer async defer src=\"https:\/\/connect.facebook.net\/en_US\/sdk.js?ver=1#xfbml=1&amp;version=v3.2\" id=\"prefeitura-campogrande-script-facebook-sdk-js\"><\/script><\/p>\n","protected":false},"excerpt":{"rendered":"<p>A Prefeitura de Campo Grande, realiza entrega de obras e faz lan\u00e7amentos na Regi\u00e3o do Centro, nesta sexta-feira, dia 29 de agosto, \u00e0s 8h. Por meio da Ag\u00eancia Municipal de Habita\u00e7\u00e3o e Assuntos Fundi\u00e1rios (EMHA), acontece a entrega da obra e o sorteio dos apartamentos do Condom\u00ednio Vila da Melhor Idade, localizado na Avenida F\u00e1bio [&hellip;]<\/p>\n","protected":false},"author":1,"featured_media":0,"comment_status":"","ping_status":"","sticky":false,"template":"","format":"standard","meta":{"footnotes":""},"categories":[],"tags":[],"class_list":["post-41893","post","type-post","status-publish","format-standard","hentry"],"amp_enabled":true,"_links":{"self":[{"href":"https:\/\/novasdodia.com.br\/index.php\/wp-json\/wp\/v2\/posts\/41893","targetHints":{"allow":["GET"]}}],"collection":[{"href":"https:\/\/novasdodia.com.br\/index.php\/wp-json\/wp\/v2\/posts"}],"about":[{"href":"https:\/\/novasdodia.com.br\/index.php\/wp-json\/wp\/v2\/types\/post"}],"author":[{"embeddable":true,"href":"https:\/\/novasdodia.com.br\/index.php\/wp-json\/wp\/v2\/users\/1"}],"replies":[{"embeddable":true,"href":"https:\/\/novasdodia.com.br\/index.php\/wp-json\/wp\/v2\/comments?post=41893"}],"version-history":[{"count":0,"href":"https:\/\/novasdodia.com.br\/index.php\/wp-json\/wp\/v2\/posts\/41893\/revisions"}],"wp:attachment":[{"href":"https:\/\/novasdodia.com.br\/index.php\/wp-json\/wp\/v2\/media?parent=41893"}],"wp:term":[{"taxonomy":"category","embeddable":true,"href":"https:\/\/novasdodia.com.br\/index.php\/wp-json\/wp\/v2\/categories?post=41893"},{"taxonomy":"post_tag","embeddable":true,"href":"https:\/\/novasdodia.com.br\/index.php\/wp-json\/wp\/v2\/tags?post=41893"}],"curies":[{"name":"wp","href":"https:\/\/api.w.org\/{rel}","templated":true}]}}