{"id":41917,"date":"2025-08-28T04:24:16","date_gmt":"2025-08-28T07:24:16","guid":{"rendered":"https:\/\/novasdodia.com.br\/index.php\/2025\/08\/28\/agencia-minas-gerais-concurso-de-desenho-e-redacao-do-silemg-entra-na-reta-final-de-inscricoes\/"},"modified":"2025-08-28T04:24:16","modified_gmt":"2025-08-28T07:24:16","slug":"agencia-minas-gerais-concurso-de-desenho-e-redacao-do-silemg-entra-na-reta-final-de-inscricoes","status":"publish","type":"post","link":"https:\/\/novasdodia.com.br\/index.php\/2025\/08\/28\/agencia-minas-gerais-concurso-de-desenho-e-redacao-do-silemg-entra-na-reta-final-de-inscricoes\/","title":{"rendered":"Ag\u00eancia Minas Gerais | Concurso de Desenho e Reda\u00e7\u00e3o do Silemg entra na reta final de inscri\u00e7\u00f5es"},"content":{"rendered":"<p><\/p>\n<div>\n<p>As inscri\u00e7\u00f5es para a 14\u00aa edi\u00e7\u00e3o do Concurso de Desenho e Reda\u00e7\u00e3o do Sindicato da Ind\u00fastria de Latic\u00ednios do Estado de Minas Gerais (Silemg) est\u00e3o chegando ao fim. Alunos do ensino fundamental e m\u00e9dio, de escolas p\u00fablicas e privadas, t\u00eam at\u00e9 o dia 1\/9 para garantir participa\u00e7\u00e3o pelo site oficial da iniciativa, onde tamb\u00e9m est\u00e1 dispon\u00edvel o regulamento completo.<\/p>\n<p>Com foco na valoriza\u00e7\u00e3o da cadeia produtiva do leite e no incentivo \u00e0 criatividade, a edi\u00e7\u00e3o 2025 traz como novidade a cria\u00e7\u00e3o de categorias exclusivas para estudantes neurodivergentes. A proposta refor\u00e7a o compromisso com a diversidade e amplia as oportunidades de express\u00e3o e reconhecimento de diferentes talentos.<\/p>\n<p>O regulamento completo e os formul\u00e1rios est\u00e3o dispon\u00edveis neste site.\u00a0<\/p>\n<p dir=\"ltr\"><strong>Premia\u00e7\u00e3o para alunos e professores<\/strong><\/p>\n<p>A avalia\u00e7\u00e3o dos trabalhos ser\u00e1 feita pelo Centro Educacional Fl\u00e1via Rita, que tamb\u00e9m participa da premia\u00e7\u00e3o. Os tr\u00eas primeiros colocados de cada grupo receber\u00e3o notebooks, valores em dinheiro e bolsas t\u00e9rmicas com produtos l\u00e1cteos.<\/p>\n<p>Os professores orientadores tamb\u00e9m ter\u00e3o destaque, com bolsas de estudo oferecidas pelo Centro Educacional Fl\u00e1via Rita e pela Faculdade Arnaldo. Al\u00e9m disso, os 15 melhores trabalhos n\u00e3o premiados receber\u00e3o men\u00e7\u00f5es honrosas.<\/p>\n<p><strong>Apoio \u00e0 prepara\u00e7\u00e3o<\/strong><\/p>\n<p>Para ajudar os participantes, o Silemg disponibilizou videoaulas gratuitas no\u00a0YouTube, com conte\u00fados interdisciplinares de ci\u00eancias, biologia, f\u00edsica e t\u00e9cnicas de reda\u00e7\u00e3o e desenho.<\/p>\n<p><strong>Categorias da edi\u00e7\u00e3o 2025<\/strong><\/p>\n<p>O concurso est\u00e1 dividido em cinco grupos, tr\u00eas voltados a alunos do ensino regular e dois espec\u00edficos para estudantes neurodivergentes:<\/p>\n<p>\u00a0<\/p>\n<p dir=\"ltr\">Desenho \u2013 O poder do leite e derivados na constru\u00e7\u00e3o de uma vida saud\u00e1vel<\/p>\n<p>\u00a0<\/p>\n<p dir=\"ltr\">Reda\u00e7\u00e3o \u2013 O caminho do leite e derivados: da ind\u00fastria \u00e0 mesa do consumidor<\/p>\n<p>\u00a0<\/p>\n<p dir=\"ltr\">Reda\u00e7\u00e3o \u2013 Tecnologia e inova\u00e7\u00e3o na ind\u00fastria l\u00e1ctea: caminhos para um futuro sustent\u00e1vel<\/p>\n<p>\u00a0<\/p>\n<p dir=\"ltr\">Desenho \u2013 A via l\u00e1ctea do c\u00e9u de Minas Gerais<\/p>\n<p>\u00a0<\/p>\n<p dir=\"ltr\">Reda\u00e7\u00e3o \u2013 Leite e l\u00e1cteos todo dia: por que \u00e9 saboroso ou por que \u00e9 nutritivo?<\/p>\n<p>&#13;<br \/>\n\u00a0<\/p>\n<\/p><\/div>\n","protected":false},"excerpt":{"rendered":"<p>As inscri\u00e7\u00f5es para a 14\u00aa edi\u00e7\u00e3o do Concurso de Desenho e Reda\u00e7\u00e3o do Sindicato da Ind\u00fastria de Latic\u00ednios do Estado de Minas Gerais (Silemg) est\u00e3o chegando ao fim. Alunos do ensino fundamental e m\u00e9dio, de escolas p\u00fablicas e privadas, t\u00eam at\u00e9 o dia 1\/9 para garantir participa\u00e7\u00e3o pelo site oficial da iniciativa, onde tamb\u00e9m est\u00e1 [&hellip;]<\/p>\n","protected":false},"author":1,"featured_media":0,"comment_status":"","ping_status":"","sticky":false,"template":"","format":"standard","meta":{"footnotes":""},"categories":[1],"tags":[],"class_list":["post-41917","post","type-post","status-publish","format-standard","hentry","category-noticias"],"amp_enabled":true,"_links":{"self":[{"href":"https:\/\/novasdodia.com.br\/index.php\/wp-json\/wp\/v2\/posts\/41917","targetHints":{"allow":["GET"]}}],"collection":[{"href":"https:\/\/novasdodia.com.br\/index.php\/wp-json\/wp\/v2\/posts"}],"about":[{"href":"https:\/\/novasdodia.com.br\/index.php\/wp-json\/wp\/v2\/types\/post"}],"author":[{"embeddable":true,"href":"https:\/\/novasdodia.com.br\/index.php\/wp-json\/wp\/v2\/users\/1"}],"replies":[{"embeddable":true,"href":"https:\/\/novasdodia.com.br\/index.php\/wp-json\/wp\/v2\/comments?post=41917"}],"version-history":[{"count":0,"href":"https:\/\/novasdodia.com.br\/index.php\/wp-json\/wp\/v2\/posts\/41917\/revisions"}],"wp:attachment":[{"href":"https:\/\/novasdodia.com.br\/index.php\/wp-json\/wp\/v2\/media?parent=41917"}],"wp:term":[{"taxonomy":"category","embeddable":true,"href":"https:\/\/novasdodia.com.br\/index.php\/wp-json\/wp\/v2\/categories?post=41917"},{"taxonomy":"post_tag","embeddable":true,"href":"https:\/\/novasdodia.com.br\/index.php\/wp-json\/wp\/v2\/tags?post=41917"}],"curies":[{"name":"wp","href":"https:\/\/api.w.org\/{rel}","templated":true}]}}