{"id":42017,"date":"2025-08-30T01:39:15","date_gmt":"2025-08-30T04:39:15","guid":{"rendered":"https:\/\/novasdodia.com.br\/index.php\/2025\/08\/30\/guaratingueta-presente-no-67o-congresso-estadual-de-municipios-prefeitura-estancia-turistica-guaratingueta\/"},"modified":"2025-08-30T01:39:15","modified_gmt":"2025-08-30T04:39:15","slug":"guaratingueta-presente-no-67o-congresso-estadual-de-municipios-prefeitura-estancia-turistica-guaratingueta","status":"publish","type":"post","link":"https:\/\/novasdodia.com.br\/index.php\/2025\/08\/30\/guaratingueta-presente-no-67o-congresso-estadual-de-municipios-prefeitura-estancia-turistica-guaratingueta\/","title":{"rendered":"Guaratinguet\u00e1 presente no 67\u00ba Congresso Estadual de Munic\u00edpios \u2013 Prefeitura Est\u00e2ncia Tur\u00edstica Guaratinguet\u00e1"},"content":{"rendered":"<p><\/p>\n<div>\n<p>De 26 a 28 de agosto, Guaratinguet\u00e1 participou do 67\u00ba Congresso Estadual de Munic\u00edpios, realizado na Arena Pacaembu, em S\u00e3o Paulo. O evento reuniu autoridades municipais, estaduais e federais para debater solu\u00e7\u00f5es inovadoras, integrar programas e recursos, al\u00e9m de promover a troca de experi\u00eancias em prol do desenvolvimento das cidades.\u00a0<\/p>\n<p>\u00a0<\/p>\n<p>Nosso munic\u00edpio esteve representado no stand da AmVale (Associa\u00e7\u00e3o dos Munic\u00edpios do Vale do Para\u00edba), divulgando, por meio de materiais institucionais, o potencial tur\u00edstico de Guaratinguet\u00e1.\u00a0<\/p>\n<p>\u00a0<\/p>\n<p>A participa\u00e7\u00e3o fortalece a presen\u00e7a da cidade no cen\u00e1rio estadual e amplia sua visibilidade entre os demais munic\u00edpios paulistas.\u00a0<\/p>\n<p>\u00a0<\/p>\n<p>\u00a0<\/p>\n<\/p><\/div>\n","protected":false},"excerpt":{"rendered":"<p>De 26 a 28 de agosto, Guaratinguet\u00e1 participou do 67\u00ba Congresso Estadual de Munic\u00edpios, realizado na Arena Pacaembu, em S\u00e3o Paulo. O evento reuniu autoridades municipais, estaduais e federais para debater solu\u00e7\u00f5es inovadoras, integrar programas e recursos, al\u00e9m de promover a troca de experi\u00eancias em prol do desenvolvimento das cidades.\u00a0 \u00a0 Nosso munic\u00edpio esteve representado [&hellip;]<\/p>\n","protected":false},"author":1,"featured_media":0,"comment_status":"","ping_status":"","sticky":false,"template":"","format":"standard","meta":{"footnotes":""},"categories":[1],"tags":[],"class_list":["post-42017","post","type-post","status-publish","format-standard","hentry","category-noticias"],"amp_enabled":true,"_links":{"self":[{"href":"https:\/\/novasdodia.com.br\/index.php\/wp-json\/wp\/v2\/posts\/42017","targetHints":{"allow":["GET"]}}],"collection":[{"href":"https:\/\/novasdodia.com.br\/index.php\/wp-json\/wp\/v2\/posts"}],"about":[{"href":"https:\/\/novasdodia.com.br\/index.php\/wp-json\/wp\/v2\/types\/post"}],"author":[{"embeddable":true,"href":"https:\/\/novasdodia.com.br\/index.php\/wp-json\/wp\/v2\/users\/1"}],"replies":[{"embeddable":true,"href":"https:\/\/novasdodia.com.br\/index.php\/wp-json\/wp\/v2\/comments?post=42017"}],"version-history":[{"count":0,"href":"https:\/\/novasdodia.com.br\/index.php\/wp-json\/wp\/v2\/posts\/42017\/revisions"}],"wp:attachment":[{"href":"https:\/\/novasdodia.com.br\/index.php\/wp-json\/wp\/v2\/media?parent=42017"}],"wp:term":[{"taxonomy":"category","embeddable":true,"href":"https:\/\/novasdodia.com.br\/index.php\/wp-json\/wp\/v2\/categories?post=42017"},{"taxonomy":"post_tag","embeddable":true,"href":"https:\/\/novasdodia.com.br\/index.php\/wp-json\/wp\/v2\/tags?post=42017"}],"curies":[{"name":"wp","href":"https:\/\/api.w.org\/{rel}","templated":true}]}}