{"id":42064,"date":"2025-08-31T13:28:14","date_gmt":"2025-08-31T16:28:14","guid":{"rendered":"https:\/\/novasdodia.com.br\/index.php\/2025\/08\/31\/prefeitura-reforca-o-alerta-sobre-a-importancia-da-vacinacao-contra-a-varicela\/"},"modified":"2025-08-31T13:28:14","modified_gmt":"2025-08-31T16:28:14","slug":"prefeitura-reforca-o-alerta-sobre-a-importancia-da-vacinacao-contra-a-varicela","status":"publish","type":"post","link":"https:\/\/novasdodia.com.br\/index.php\/2025\/08\/31\/prefeitura-reforca-o-alerta-sobre-a-importancia-da-vacinacao-contra-a-varicela\/","title":{"rendered":"Prefeitura refor\u00e7a o alerta sobre a import\u00e2ncia da vacina\u00e7\u00e3o contra a varicela"},"content":{"rendered":"<p><\/p>\n<div>\n<p>A Prefeitura de Jo\u00e3o Pessoa refor\u00e7a o alerta sobre a import\u00e2ncia da vacina\u00e7\u00e3o contra a varicela, tamb\u00e9m conhecida como catapora, e a necessidade de manter o documento de vacina\u00e7\u00e3o das crian\u00e7as sempre atualizado. A cobertura vacinal contra a doen\u00e7a no munic\u00edpio tem apresentado \u00edndices abaixo do esperado, o que torna ainda mais urgente a a\u00e7\u00e3o dos pais e respons\u00e1veis para garantir a prote\u00e7\u00e3o da popula\u00e7\u00e3o infantil.<\/p>\n<figure class=\"wp-block-image size-large\"><\/figure>\n<p>A varicela \u00e9 uma doen\u00e7a altamente contagiosa, causada pelo v\u00edrus Varicela-Zoster, que se manifesta, principalmente, com les\u00f5es na pele que causam intenso prurido (coceira). Embora geralmente benigna em crian\u00e7as, a doen\u00e7a pode apresentar quadros mais graves em adolescentes e adultos. O cont\u00e1gio ocorre principalmente pelo contato com as les\u00f5es de pele ou secre\u00e7\u00f5es respirat\u00f3rias de pessoas infectadas, sendo f\u00e1cil sua dissemina\u00e7\u00e3o. O per\u00edodo de incuba\u00e7\u00e3o da varicela varia de 10 a 21 dias e o v\u00edrus pode ser transmitido at\u00e9 6 dias ap\u00f3s o aparecimento das crostas.<\/p>\n<p>Com a regulariza\u00e7\u00e3o do abastecimento das vacinas contra a varicela, a Secretaria Municipal de Sa\u00fade (SMS) orienta aos pais que busquem os postos de sa\u00fade mais pr\u00f3ximos para atualizar o cart\u00e3o de vacinas de seus filhos, caso ainda n\u00e3o tenham tomado as doses recomendadas.<\/p>\n<p>\u201cA varicela \u00e9 uma doen\u00e7a que pode ser facilmente evitada por meio da vacina\u00e7\u00e3o, por este motivo, seguimos fazendo alerta e convocando a popula\u00e7\u00e3o para manter o documento das crian\u00e7as atualizado. As crian\u00e7as que frequentam as escolas e estejam com sintomas devem ficar em casa at\u00e9 que todas as les\u00f5es de pele se transformem em crostas\u201d, orientou Fernando Virgolino, coordenador de Imuniza\u00e7\u00e3o da Prefeitura de Jo\u00e3o Pessoa.<\/p>\n<p><strong>Casos em 2025 \u2013<\/strong> Segundo a Secretaria Estadual de Sa\u00fade (SES), o n\u00famero de surtos da doen\u00e7a no Estado aumentou em 2025, considerando o mesmo per\u00edodo do ano anterior. De janeiro a junho deste ano, foram registrados 4 surtos em diferentes munic\u00edpios, entre eles: Cajazeiras, S\u00e3o Jos\u00e9 da Lagoa Tapada, Massaranduba e Aroeiras. No total, 29 notifica\u00e7\u00f5es de varicela foram registradas em 2025, o que representa um aumento significativo em compara\u00e7\u00e3o a 2024.<\/p>\n<p>O diagn\u00f3stico da catapora \u00e9 feito com base no quadro cl\u00ednico, sem a necessidade de exames laboratoriais na maioria dos casos. Para pessoas com sintomas mais leves, o tratamento \u00e9 sintom\u00e1tico, focando no al\u00edvio da dor e coceira. Os profissionais de sa\u00fade alertam para a import\u00e2ncia de n\u00e3o co\u00e7ar as les\u00f5es e manter cuidados rigorosos de higiene, utilizando apenas \u00e1gua e sab\u00e3o para a limpeza da pele. O uso de medicamentos \u00e0 base de \u00e1cido acetilsalic\u00edlico, como a aspirina, \u00e9 fortemente contraindicado devido ao risco de complica\u00e7\u00f5es graves.<\/p>\n<p><strong>Esquema vacinal<\/strong> \u2013 Para prevenir a varicela, o Calend\u00e1rio Nacional de Vacina\u00e7\u00e3o estabelece a imuniza\u00e7\u00e3o para crian\u00e7as aos 15 meses, com a primeira dose da vacina tetraviral. Aos 4 anos, \u00e9 administrada a segunda dose da vacina varicela atenuada. Crian\u00e7as que n\u00e3o foram vacinadas nos momentos apropriados podem receber as doses at\u00e9 os 6 anos, 11 meses e 29 dias de idade. Al\u00e9m disso, trabalhadores da sa\u00fade que n\u00e3o t\u00eam hist\u00f3rico de infec\u00e7\u00e3o ou vacina\u00e7\u00e3o tamb\u00e9m devem ser imunizados.<\/p>\n<p>Em Jo\u00e3o Pessoa, as vacinas est\u00e3o dispon\u00edveis em todas as Unidades de Sa\u00fade da Fam\u00edlia (USF), no Centro Municipal de Imuniza\u00e7\u00e3o e nas Policl\u00ednicas Municipais. Al\u00e9m disso, a cidade conta com tr\u00eas pontos m\u00f3veis de vacina\u00e7\u00e3o, que funcionam de segunda a s\u00e1bado, com hor\u00e1rios diferenciados para facilitar o acesso da popula\u00e7\u00e3o.<\/p>\n<p><strong>Cobertura vacinal\u00a0\u2013<\/strong> No munic\u00edpio de Jo\u00e3o Pessoa, a cobertura vacinal contra a varicela apresentou varia\u00e7\u00f5es ao longo dos anos. Em 2020, o \u00edndice era de 46,30%. Em 2021, esse n\u00famero caiu para 37,26%, mantendo-se em 36,87% em 2022. Em 2023, foram registrados 38,88% de vacinados. No entanto, em 2024, o percentual voltou a cair para 21%. J\u00e1 em 2025, observa-se uma nova eleva\u00e7\u00e3o, chegando a 42,10%. Os n\u00fameros referentes \u00e0 cobertura vacinal s\u00e3o consolidados e extra\u00eddos da Rede Nacional de Dados em Sa\u00fade (RNDS) do Minist\u00e9rio da Sa\u00fade referentes \u00e0s doses aplicadas.<\/p>\n<p><strong>Documenta\u00e7\u00e3o\u00a0<\/strong>\u2013 Para vacina\u00e7\u00e3o \u00e9 importante apresentar um documento oficial com foto ou registro da crian\u00e7a ou adolescente, o Cart\u00e3o SUS e o cart\u00e3o ou caderneta vacina.<\/p>\n<p><strong>Onde se vacinar:<\/strong><\/p>\n<p>Unidades de Sa\u00fade da Fam\u00edlia (USFs)<\/p>\n<p>Todas as vacinas do calend\u00e1rio de rotina<\/p>\n<p>Vacinas de campanha:<\/p>\n<p>\u2013 Dengue: adolescentes de 10 a 14 anos;<\/p>\n<p>\u2013 Influenza: Apenas grupos priorit\u00e1rios;<\/p>\n<p>\u2013 Covid-19: crian\u00e7as menores de 5 anos e grupos priorit\u00e1rios;<\/p>\n<p>\u2013 HPV: campanha de atualiza\u00e7\u00e3o para o p\u00fablico de 9 a 19 anos.<\/p>\n<p>Hor\u00e1rio: 7h \u00e0s 11h e das 12h \u00e0s 16h<\/p>\n<p>USF Integrada Cruz das Armas<\/p>\n<p>\u2013 Todas as vacinas do calend\u00e1rio de rotina e campanhas ativas;<\/p>\n<p>\u2013 Covid-19: crian\u00e7as menores de 5 anos e grupos priorit\u00e1rios.<\/p>\n<p>Hor\u00e1rio: 7h \u00e0s 11h e das 12h \u00e0s 16h<\/p>\n<p>Policl\u00ednicas Municipais<\/p>\n<p>Todas as vacinas do calend\u00e1rio de rotina<\/p>\n<p>Vacinas de campanha:<\/p>\n<p>\u2013 Dengue: adolescentes de 10 a 14 anos;<\/p>\n<p>\u2013 Influenza: Apenas grupos priorit\u00e1rios;<\/p>\n<p>\u2013 Covid-19: crian\u00e7as menores de 5 anos e grupos priorit\u00e1rios;<\/p>\n<p>\u2013 HPV: campanha de atualiza\u00e7\u00e3o para o p\u00fablico de 9 a 19 anos.<\/p>\n<p>Hor\u00e1rio: 8h \u00e0s 16h<\/p>\n<p>Centro Municipal de Imuniza\u00e7\u00e3o<\/p>\n<p>Todas as vacinas do calend\u00e1rio de rotina<\/p>\n<p>Vacinas de campanha:<\/p>\n<p>\u2013 Dengue: adolescentes de 10 a 14 anos;<\/p>\n<p>\u2013 Influenza: Apenas grupos priorit\u00e1rios;<\/p>\n<p>\u2013 Covid-19: crian\u00e7as menores de 5 anos e grupos priorit\u00e1rios;<\/p>\n<p>\u2013 HPV: campanha de atualiza\u00e7\u00e3o para o p\u00fablico de 9 a 19 anos.<\/p>\n<p>Hor\u00e1rio: 8h \u00e0s 16h<\/p>\n<p>Home Center Ferreira Costa<\/p>\n<p>Todas as vacinas do calend\u00e1rio de rotina<\/p>\n<p>Vacinas de campanha:<\/p>\n<p>\u2013 Influenza: Apenas grupos priorit\u00e1rios;<\/p>\n<p>\u2013 Covid-19: crian\u00e7as menores de 5 anos e grupos priorit\u00e1rios;<\/p>\n<p>\u2013 HPV: campanha de atualiza\u00e7\u00e3o para o p\u00fablico de 9 a 19 anos;<\/p>\n<p>Hor\u00e1rio: 12h \u00e0s 21h (segunda a sexta-feira) e das 8h \u00e0s 16h (aos s\u00e1bados)<\/p>\n<p>Shopping Sul<\/p>\n<p>Todas as vacinas do calend\u00e1rio de rotina<\/p>\n<p>Vacinas de campanha:<\/p>\n<p>\u2013 Influenza: Apenas grupos priorit\u00e1rios;<\/p>\n<p>\u2013 Covid-19: crian\u00e7as menores de 5 anos e grupos priorit\u00e1rios;<\/p>\n<p>\u2013 HPV: campanha de atualiza\u00e7\u00e3o para o p\u00fablico de 9 a 19 anos.<\/p>\n<p>Hor\u00e1rio: 12h \u00e0s 21h (segunda a sexta-feira) e das 10h \u00e0s 16h (aos s\u00e1bados)<\/p>\n<p>Shopping Tambi\u00e1<\/p>\n<p>Todas as vacinas do calend\u00e1rio de rotina<\/p>\n<p>Vacinas de campanha:<\/p>\n<p>\u2013 Influenza: Apenas grupos priorit\u00e1rios;<\/p>\n<p>\u2013 Covid-19: crian\u00e7as menores de 5 anos e grupos priorit\u00e1rios;<\/p>\n<p>\u2013 HPV: campanha de atualiza\u00e7\u00e3o para o p\u00fablico de 9 a 19 anos.<\/p>\n<p>Hor\u00e1rio: 12h \u00e0s 20h (segunda a sexta-feira) e das 9h \u00e0s 16h (aos s\u00e1bados)<\/p>\n<\/p><\/div>\n","protected":false},"excerpt":{"rendered":"<p>A Prefeitura de Jo\u00e3o Pessoa refor\u00e7a o alerta sobre a import\u00e2ncia da vacina\u00e7\u00e3o contra a varicela, tamb\u00e9m conhecida como catapora, e a necessidade de manter o documento de vacina\u00e7\u00e3o das crian\u00e7as sempre atualizado. A cobertura vacinal contra a doen\u00e7a no munic\u00edpio tem apresentado \u00edndices abaixo do esperado, o que torna ainda mais urgente a a\u00e7\u00e3o [&hellip;]<\/p>\n","protected":false},"author":1,"featured_media":0,"comment_status":"","ping_status":"","sticky":false,"template":"","format":"standard","meta":{"footnotes":""},"categories":[1],"tags":[],"class_list":["post-42064","post","type-post","status-publish","format-standard","hentry","category-noticias"],"amp_enabled":true,"_links":{"self":[{"href":"https:\/\/novasdodia.com.br\/index.php\/wp-json\/wp\/v2\/posts\/42064","targetHints":{"allow":["GET"]}}],"collection":[{"href":"https:\/\/novasdodia.com.br\/index.php\/wp-json\/wp\/v2\/posts"}],"about":[{"href":"https:\/\/novasdodia.com.br\/index.php\/wp-json\/wp\/v2\/types\/post"}],"author":[{"embeddable":true,"href":"https:\/\/novasdodia.com.br\/index.php\/wp-json\/wp\/v2\/users\/1"}],"replies":[{"embeddable":true,"href":"https:\/\/novasdodia.com.br\/index.php\/wp-json\/wp\/v2\/comments?post=42064"}],"version-history":[{"count":0,"href":"https:\/\/novasdodia.com.br\/index.php\/wp-json\/wp\/v2\/posts\/42064\/revisions"}],"wp:attachment":[{"href":"https:\/\/novasdodia.com.br\/index.php\/wp-json\/wp\/v2\/media?parent=42064"}],"wp:term":[{"taxonomy":"category","embeddable":true,"href":"https:\/\/novasdodia.com.br\/index.php\/wp-json\/wp\/v2\/categories?post=42064"},{"taxonomy":"post_tag","embeddable":true,"href":"https:\/\/novasdodia.com.br\/index.php\/wp-json\/wp\/v2\/tags?post=42064"}],"curies":[{"name":"wp","href":"https:\/\/api.w.org\/{rel}","templated":true}]}}