{"id":42082,"date":"2025-09-01T04:43:32","date_gmt":"2025-09-01T07:43:32","guid":{"rendered":"https:\/\/novasdodia.com.br\/index.php\/2025\/09\/01\/cidade-de-sao-paulo-tem-agosto-mais-seco-desde-2020\/"},"modified":"2025-09-01T04:43:32","modified_gmt":"2025-09-01T07:43:32","slug":"cidade-de-sao-paulo-tem-agosto-mais-seco-desde-2020","status":"publish","type":"post","link":"https:\/\/novasdodia.com.br\/index.php\/2025\/09\/01\/cidade-de-sao-paulo-tem-agosto-mais-seco-desde-2020\/","title":{"rendered":"Cidade de S\u00e3o Paulo tem agosto mais seco desde 2020"},"content":{"rendered":"<p> Por MRNews<br \/>\n<\/p>\n<div wp_automatic_readability=\"62.861849494571\">\n<p>Sem expectativa de chuva para este domingo\u00a0(31), <strong>a cidade de S\u00e3o Paulo deve encerrar o m\u00eas de agosto como um dos mais secos dos \u00faltimos anos.<\/strong><\/p>\n<p><strong>O acumulado de chuva na capital paulista em agosto foi de 13,5 mil\u00edmetros (mm), o que equivale a menos da metade (44,7%) dos 30,2 mm\u00a0esperados para todo o m\u00eas<\/strong>.<\/p>\n<p>Segundo o Centro de Gerenciamento de Emerg\u00eancias Clim\u00e1ticas (CGE) de S\u00e3o Paulo, <strong>a capital n\u00e3o registrava um m\u00eas de agosto com chuvas abaixo da m\u00e9dia hist\u00f3rica desde 2020.<\/strong><\/p>\n<p><strong><a href=\"https:\/\/mrnews.com.br\/index.php\/2025\/08\/31\/nordeste-e-a-regiao-com-maior-numero-de-inscritos-no-enem-2025\/\">Nordeste \u00e9 a regi\u00e3o com maior n\u00famero de inscritos no Enem 2025<\/a><\/strong><\/p>\n<p><strong><a href=\"https:\/\/mrnews.com.br\/index.php\/2025\/08\/31\/feira-online-tem-7-mil-vagas-de-emprego-para-pessoas-com-deficiencia\/\">Feira online tem 7 mil vagas de emprego para pessoas com defici\u00eancia<\/a><\/strong><\/p>\n<p>As temperaturas tamb\u00e9m mantiveram-se abaixo do esperado para o m\u00eas. No geral, a temperatura em agosto se manteve com m\u00ednimas de 12,4\u00b0C e m\u00e1xima de 23\u00b0C, enquanto as m\u00e9dias hist\u00f3ricas para o m\u00eas na capital paulista costumam ser em torno de 13,4\u00b0C e 24,3\u00b0C, respectivamente.<\/p>\n<p><strong>Para os pr\u00f3ximos dias, a expectativa \u00e9 de tempo seco, sem previs\u00e3o de chuva e com eleva\u00e7\u00e3o das temperaturas e baixa umidade do ar.<\/strong> Segundo o CGE, essas condi\u00e7\u00f5es devem permanecer na capital paulista at\u00e9 pelo menos a pr\u00f3xima sexta-feira (5).<\/p>\n<h2>Redu\u00e7\u00e3o na \u00e1gua<\/h2>\n<p>Por causa do per\u00edodo de forte estiagem, o governo de S\u00e3o Paulo anunciou na \u00faltima sexta-feira (29) que a Companhia de Saneamento B\u00e1sico do Estado de S\u00e3o Paulo (Sabesp), empresa respons\u00e1vel pelo fornecimento de \u00e1gua e pela coleta e tratamento de esgoto em 377 munic\u00edpios paulistas, vai reduzir o volume de retirada de \u00e1gua do Sistema Cantareira. Segundo o an\u00fancio, o volume autorizado de retirada do sistema vai agora passar de 31 metros c\u00fabicos por segundo (m\u00b3\/s) para 27 m\u00b3\/s.<\/p>\n<p>O Cantareira \u00e9 o principal e maior reservat\u00f3rio de S\u00e3o Paulo e vem apresentando um n\u00edvel de armazenamento muito baixo por causa da falta de chuvas \u2013\u00a0que tem apresentado \u00edndice abaixo da m\u00e9dia hist\u00f3rica na regi\u00e3o. Neste domingo, o n\u00edvel do reservat\u00f3rio chegou a 34,6%,\u00a0considerado de alerta.<\/p>\n<p><strong><a href=\"https:\/\/mrnews.com.br\/index.php\/2025\/08\/31\/cesar-e-reconhecido-como-ladrao-e-passa-a-maior-vergonha-da-vida-em-seu-casamento-com-odete-em-vale-tudo\/\">C\u00e9sar \u00e9 reconhecido como ladr\u00e3o e passa a maior vergonha da vida em seu casamento com Odete em Vale Tudo<\/a><\/strong><\/p>\n<p><strong><a href=\"https:\/\/mrnews.com.br\/index.php\/2025\/08\/31\/forcas-israelenses-bombardeiam-suburbios-da-cidade-de-gaza\/\">For\u00e7as israelenses bombardeiam sub\u00farbios da Cidade de Gaza<\/a><\/strong><\/p>\n<p>Na \u00faltima segunda-feira, o governo paulista j\u00e1 havia anunciado que iniciaria um processo de redu\u00e7\u00e3o da press\u00e3o da \u00e1gua durante a madrugada na regi\u00e3o metropolitana de S\u00e3o Paulo. A medida teve in\u00edcio na \u00faltima quarta-feira (27) e \u00e9 adotada diariamente entre as 21h e as 5h. Segundo o governo, ela vai continuar em funcionamento \u201cat\u00e9 que sejam recuperados os n\u00edveis dos reservat\u00f3rios que abastecem a regi\u00e3o metropolitana\u201d, que neste domingo somaram\u00a037,2% de armazenamento.<\/p>\n<\/div>\n","protected":false},"excerpt":{"rendered":"<p>Por MRNews Sem expectativa de chuva para este domingo\u00a0(31), a cidade de S\u00e3o Paulo deve encerrar o m\u00eas de agosto como um dos mais secos dos \u00faltimos anos. O acumulado de chuva na capital paulista em agosto foi de 13,5 mil\u00edmetros (mm), o que equivale a menos da metade (44,7%) dos 30,2 mm\u00a0esperados para todo [&hellip;]<\/p>\n","protected":false},"author":3,"featured_media":0,"comment_status":"","ping_status":"","sticky":false,"template":"","format":"standard","meta":{"footnotes":""},"categories":[1],"tags":[],"class_list":["post-42082","post","type-post","status-publish","format-standard","hentry","category-noticias"],"amp_enabled":true,"_links":{"self":[{"href":"https:\/\/novasdodia.com.br\/index.php\/wp-json\/wp\/v2\/posts\/42082","targetHints":{"allow":["GET"]}}],"collection":[{"href":"https:\/\/novasdodia.com.br\/index.php\/wp-json\/wp\/v2\/posts"}],"about":[{"href":"https:\/\/novasdodia.com.br\/index.php\/wp-json\/wp\/v2\/types\/post"}],"author":[{"embeddable":true,"href":"https:\/\/novasdodia.com.br\/index.php\/wp-json\/wp\/v2\/users\/3"}],"replies":[{"embeddable":true,"href":"https:\/\/novasdodia.com.br\/index.php\/wp-json\/wp\/v2\/comments?post=42082"}],"version-history":[{"count":0,"href":"https:\/\/novasdodia.com.br\/index.php\/wp-json\/wp\/v2\/posts\/42082\/revisions"}],"wp:attachment":[{"href":"https:\/\/novasdodia.com.br\/index.php\/wp-json\/wp\/v2\/media?parent=42082"}],"wp:term":[{"taxonomy":"category","embeddable":true,"href":"https:\/\/novasdodia.com.br\/index.php\/wp-json\/wp\/v2\/categories?post=42082"},{"taxonomy":"post_tag","embeddable":true,"href":"https:\/\/novasdodia.com.br\/index.php\/wp-json\/wp\/v2\/tags?post=42082"}],"curies":[{"name":"wp","href":"https:\/\/api.w.org\/{rel}","templated":true}]}}