{"id":42301,"date":"2025-09-05T18:55:15","date_gmt":"2025-09-05T21:55:15","guid":{"rendered":"https:\/\/novasdodia.com.br\/index.php\/2025\/09\/05\/ronda-segura-intensifica-acoes-da-guarda-civil-metropolitana-no-centro-da-capital-cgnoticias\/"},"modified":"2025-09-05T18:55:15","modified_gmt":"2025-09-05T21:55:15","slug":"ronda-segura-intensifica-acoes-da-guarda-civil-metropolitana-no-centro-da-capital-cgnoticias","status":"publish","type":"post","link":"https:\/\/novasdodia.com.br\/index.php\/2025\/09\/05\/ronda-segura-intensifica-acoes-da-guarda-civil-metropolitana-no-centro-da-capital-cgnoticias\/","title":{"rendered":"\u201cRonda Segura\u201d intensifica a\u00e7\u00f5es da Guarda Civil Metropolitana no Centro da Capital \u2013 CGNot\u00edcias"},"content":{"rendered":"<p><\/p>\n<div>\n<p>A Prefeitura de Campo Grande publicou no Diogrande n. 8.048 desta sexta-feira (5), a Resolu\u00e7\u00e3o Conjunta Semades\/Sesdes n\u00ba 01\/2025, que institui o Programa \u201cRonda Segura\u201d, destinado \u00e0 prote\u00e7\u00e3o e apoio \u00e0 atividade empresarial no Centro de Campo Grande.<\/p>\n<p>A medida, resultado da parceria entre a Secretaria Municipal de Meio Ambiente, Gest\u00e3o Urbana e Desenvolvimento Econ\u00f4mico, Tur\u00edstico e Sustent\u00e1vel (Semades) e a Secretaria Especial de Seguran\u00e7a e Defesa Social (Sesdes), tem como objetivo intensificar, organizar e priorizar as rondas realizadas pela Guarda Civil Metropolitana (GCM) e demais for\u00e7as de seguran\u00e7a do munic\u00edpio, com foco na preven\u00e7\u00e3o e redu\u00e7\u00e3o de ocorr\u00eancias contra comerciantes e empreendedores locais.<\/p>\n<p>O programa prev\u00ea ainda a cria\u00e7\u00e3o de um Cadastro Municipal de Empres\u00e1rios Participantes, que permitir\u00e1 reunir informa\u00e7\u00f5es de identifica\u00e7\u00e3o, localiza\u00e7\u00e3o dos estabelecimentos e pontos de maior vulnerabilidade, de acordo com a percep\u00e7\u00e3o dos empres\u00e1rios. Esses dados ser\u00e3o utilizados exclusivamente para o planejamento e execu\u00e7\u00e3o das rondas, respeitando a legisla\u00e7\u00e3o de prote\u00e7\u00e3o de dados pessoais.<\/p>\n<p>O \u201cRonda Segura\u201d tamb\u00e9m ser\u00e1 reconhecido como programa de aten\u00e7\u00e3o ao desenvolvimento local, podendo contar com apoio do Pr\u00f3-Coopera\u00e7\u00e3o, criado pela Lei Municipal n\u00ba 6.897\/2022, para garantir insumos, materiais e pequenos reparos necess\u00e1rios \u00e0s a\u00e7\u00f5es de seguran\u00e7a.<\/p>\n<p>Para o secret\u00e1rio especial de Seguran\u00e7a e Defesa Social, Anderson Gonzaga da Silva Assis, a iniciativa representa um avan\u00e7o no fortalecimento da parceria entre poder p\u00fablico e setor produtivo. \u201cCom o Ronda Segura, intensificamos a presen\u00e7a das for\u00e7as de seguran\u00e7a no Centro e refor\u00e7amos nosso compromisso de apoiar quem empreende e movimenta a economia da nossa cidade. \u00c9 uma a\u00e7\u00e3o que une prote\u00e7\u00e3o, desenvolvimento e confian\u00e7a m\u00fatua\u201d, destacou.<\/p>\n<\/div>\n<p><script async defer async defer src=\"https:\/\/connect.facebook.net\/en_US\/sdk.js?ver=1#xfbml=1&amp;version=v3.2\" id=\"prefeitura-campogrande-script-facebook-sdk-js\"><\/script><\/p>\n","protected":false},"excerpt":{"rendered":"<p>A Prefeitura de Campo Grande publicou no Diogrande n. 8.048 desta sexta-feira (5), a Resolu\u00e7\u00e3o Conjunta Semades\/Sesdes n\u00ba 01\/2025, que institui o Programa \u201cRonda Segura\u201d, destinado \u00e0 prote\u00e7\u00e3o e apoio \u00e0 atividade empresarial no Centro de Campo Grande. A medida, resultado da parceria entre a Secretaria Municipal de Meio Ambiente, Gest\u00e3o Urbana e Desenvolvimento Econ\u00f4mico, [&hellip;]<\/p>\n","protected":false},"author":1,"featured_media":0,"comment_status":"","ping_status":"","sticky":false,"template":"","format":"standard","meta":{"footnotes":""},"categories":[],"tags":[],"class_list":["post-42301","post","type-post","status-publish","format-standard","hentry"],"amp_enabled":true,"_links":{"self":[{"href":"https:\/\/novasdodia.com.br\/index.php\/wp-json\/wp\/v2\/posts\/42301","targetHints":{"allow":["GET"]}}],"collection":[{"href":"https:\/\/novasdodia.com.br\/index.php\/wp-json\/wp\/v2\/posts"}],"about":[{"href":"https:\/\/novasdodia.com.br\/index.php\/wp-json\/wp\/v2\/types\/post"}],"author":[{"embeddable":true,"href":"https:\/\/novasdodia.com.br\/index.php\/wp-json\/wp\/v2\/users\/1"}],"replies":[{"embeddable":true,"href":"https:\/\/novasdodia.com.br\/index.php\/wp-json\/wp\/v2\/comments?post=42301"}],"version-history":[{"count":0,"href":"https:\/\/novasdodia.com.br\/index.php\/wp-json\/wp\/v2\/posts\/42301\/revisions"}],"wp:attachment":[{"href":"https:\/\/novasdodia.com.br\/index.php\/wp-json\/wp\/v2\/media?parent=42301"}],"wp:term":[{"taxonomy":"category","embeddable":true,"href":"https:\/\/novasdodia.com.br\/index.php\/wp-json\/wp\/v2\/categories?post=42301"},{"taxonomy":"post_tag","embeddable":true,"href":"https:\/\/novasdodia.com.br\/index.php\/wp-json\/wp\/v2\/tags?post=42301"}],"curies":[{"name":"wp","href":"https:\/\/api.w.org\/{rel}","templated":true}]}}