{"id":42509,"date":"2025-09-12T09:25:26","date_gmt":"2025-09-12T12:25:26","guid":{"rendered":"https:\/\/novasdodia.com.br\/index.php\/2025\/09\/12\/em-dourados-nucleo-regional-de-identificacao-amplia-atendimentos-com-novo-endereco-agencia-de-noticias-do-governo-de-mato-grosso-do-sul\/"},"modified":"2025-09-12T09:25:26","modified_gmt":"2025-09-12T12:25:26","slug":"em-dourados-nucleo-regional-de-identificacao-amplia-atendimentos-com-novo-endereco-agencia-de-noticias-do-governo-de-mato-grosso-do-sul","status":"publish","type":"post","link":"https:\/\/novasdodia.com.br\/index.php\/2025\/09\/12\/em-dourados-nucleo-regional-de-identificacao-amplia-atendimentos-com-novo-endereco-agencia-de-noticias-do-governo-de-mato-grosso-do-sul\/","title":{"rendered":"Em Dourados, N\u00facleo Regional de Identifica\u00e7\u00e3o amplia atendimentos com novo endere\u00e7o \u2013 Ag\u00eancia de Noticias do Governo de Mato Grosso do Sul"},"content":{"rendered":"<p><\/p>\n<div>\n<p style=\"font-weight: 400; text-align: center;\"><em>Desde segunda-feira, unidade realiza atendimentos na sede do Detran-MS<\/em><\/p>\n<p style=\"font-weight: 400;\">Com o objetivo de proporcionar mais conforto ao cidad\u00e3o e melhores condi\u00e7\u00f5es de trabalho aos servidores, o N\u00facleo Regional de Identifica\u00e7\u00e3o (NIR), de Dourados, iniciou na segunda-feira (8) os atendimentos em novo endere\u00e7o: o pr\u00e9dio do Departamento de Tr\u00e2nsito de Mato Grosso do Sul (Detran-MS).<\/p>\n<p style=\"font-weight: 400;\">A mudan\u00e7a permitir\u00e1 ampliar em quase 70% a capacidade di\u00e1ria para a confec\u00e7\u00e3o da Carteira de Identidade Nacional (CIN), passando de 90 para at\u00e9 150 agendamentos por dia, reduzindo o tempo de espera e atendendo a uma demanda hist\u00f3rica do munic\u00edpio. O avan\u00e7o fortalece o atendimento na segunda maior cidade do Estado, que concentra grande parte da procura por documentos no interior.<\/p>\n<p style=\"font-weight: 400;\">\u201cAtendemos a uma solicita\u00e7\u00e3o da Sejusp e conseguimos expandir o n\u00famero de emiss\u00f5es. Essa melhoria traz mais agilidade e comodidade para os moradores, que agora t\u00eam mais op\u00e7\u00f5es de hor\u00e1rio e um local mais estruturado\u201d, afirmou o chefe do NRI, perito papiloscopista M\u00e1rcio Maur\u00edlio de Santana.<\/p>\n<p style=\"font-weight: 400;\">\u201cO cidad\u00e3o precisa de um atendimento r\u00e1pido, acess\u00edvel e de qualidade. \u00c9 isso que estamos garantindo com o novo espa\u00e7o em Dourados, dentro do processo de moderniza\u00e7\u00e3o dos servi\u00e7os de identifica\u00e7\u00e3o em todo o Estado\u201d, destacou a diretora do DAUR (Departamento de Apoia \u00e0s Unidades Regionais), perita criminal Adriana Val\u00e9ria Medeiros.<\/p>\n<p style=\"font-weight: 400;\">Na pr\u00e1tica, o atendimento ficou mais din\u00e2mico: com salas amplas, climatizadas e maior n\u00famero de guich\u00eas, o cidad\u00e3o tem acesso a um processo mais \u00e1gil, enquanto os servidores contam com melhores condi\u00e7\u00f5es de trabalho.<\/p>\n<p style=\"font-weight: 400;\">A Carteira de Identidade Nacional (CIN) substitui gradualmente os antigos documentos e unifica, em um \u00fanico n\u00famero, o CPF como registro geral do cidad\u00e3o. A primeira emiss\u00e3o \u00e9 gratuita e o prazo nacional para a troca vai at\u00e9 2032.<\/p>\n<p style=\"font-weight: 400;\">O agendamento deve ser feito exclusivamente pela internet, no site\u00a0<span style=\"color: #0000ff;\">servicos.sejusp.ms.gov.br<\/span>, onde tamb\u00e9m est\u00e1 dispon\u00edvel a lista de documentos necess\u00e1rios.<\/p>\n<p style=\"font-weight: 400;\">A iniciativa integra a pol\u00edtica do Governo do Estado, por meio da Sejusp e da Pol\u00edcia Cient\u00edfica de Mato Grosso do Sul, de ampliar a rede de postos de identifica\u00e7\u00e3o, reduzir filas e garantir maior acessibilidade.<\/p>\n<p style=\"font-weight: 400;\"><strong>Servi\u00e7o<\/strong><\/p>\n<ul>\n<li style=\"font-weight: 400;\">Local: N\u00facleo Regional de Identifica\u00e7\u00e3o (NRI)<\/li>\n<li style=\"font-weight: 400;\">Endere\u00e7o: Rua Coronel Ponciano, 600 \u2013 Detran\/MS<\/li>\n<li style=\"font-weight: 400;\">Atendimento: Segunda a sexta-feira, das 08h \u00e0s 17h<\/li>\n<\/ul>\n<div id=\"gallery-1\" class=\"gallery galleryid-521293 gallery-columns-1 gallery-size-large\">\n<figure class=\"gallery-item\">\n<div class=\"gallery-icon landscape\"><\/div>\n<\/figure><\/div>\n<p style=\"font-weight: 400;\"><em>Maria Ester Rossoni, Comunica\u00e7\u00e3o PCi<\/em><\/p>\n<\/div>\n","protected":false},"excerpt":{"rendered":"<p>Desde segunda-feira, unidade realiza atendimentos na sede do Detran-MS Com o objetivo de proporcionar mais conforto ao cidad\u00e3o e melhores condi\u00e7\u00f5es de trabalho aos servidores, o N\u00facleo Regional de Identifica\u00e7\u00e3o (NIR), de Dourados, iniciou na segunda-feira (8) os atendimentos em novo endere\u00e7o: o pr\u00e9dio do Departamento de Tr\u00e2nsito de Mato Grosso do Sul (Detran-MS). A [&hellip;]<\/p>\n","protected":false},"author":1,"featured_media":0,"comment_status":"","ping_status":"","sticky":false,"template":"","format":"standard","meta":{"footnotes":""},"categories":[],"tags":[],"class_list":["post-42509","post","type-post","status-publish","format-standard","hentry"],"amp_enabled":true,"_links":{"self":[{"href":"https:\/\/novasdodia.com.br\/index.php\/wp-json\/wp\/v2\/posts\/42509","targetHints":{"allow":["GET"]}}],"collection":[{"href":"https:\/\/novasdodia.com.br\/index.php\/wp-json\/wp\/v2\/posts"}],"about":[{"href":"https:\/\/novasdodia.com.br\/index.php\/wp-json\/wp\/v2\/types\/post"}],"author":[{"embeddable":true,"href":"https:\/\/novasdodia.com.br\/index.php\/wp-json\/wp\/v2\/users\/1"}],"replies":[{"embeddable":true,"href":"https:\/\/novasdodia.com.br\/index.php\/wp-json\/wp\/v2\/comments?post=42509"}],"version-history":[{"count":0,"href":"https:\/\/novasdodia.com.br\/index.php\/wp-json\/wp\/v2\/posts\/42509\/revisions"}],"wp:attachment":[{"href":"https:\/\/novasdodia.com.br\/index.php\/wp-json\/wp\/v2\/media?parent=42509"}],"wp:term":[{"taxonomy":"category","embeddable":true,"href":"https:\/\/novasdodia.com.br\/index.php\/wp-json\/wp\/v2\/categories?post=42509"},{"taxonomy":"post_tag","embeddable":true,"href":"https:\/\/novasdodia.com.br\/index.php\/wp-json\/wp\/v2\/tags?post=42509"}],"curies":[{"name":"wp","href":"https:\/\/api.w.org\/{rel}","templated":true}]}}