{"id":42596,"date":"2025-09-14T16:12:21","date_gmt":"2025-09-14T19:12:21","guid":{"rendered":"https:\/\/novasdodia.com.br\/index.php\/2025\/09\/14\/reuniao-de-secretariado-analisa-metas-da-gestao-2025-2028-prefeitura-da-cidade-do-rio-de-janeiro\/"},"modified":"2025-09-14T16:12:21","modified_gmt":"2025-09-14T19:12:21","slug":"reuniao-de-secretariado-analisa-metas-da-gestao-2025-2028-prefeitura-da-cidade-do-rio-de-janeiro","status":"publish","type":"post","link":"https:\/\/novasdodia.com.br\/index.php\/2025\/09\/14\/reuniao-de-secretariado-analisa-metas-da-gestao-2025-2028-prefeitura-da-cidade-do-rio-de-janeiro\/","title":{"rendered":"Reuni\u00e3o de secretariado analisa metas da gest\u00e3o 2025\/2028 &#8211; Prefeitura da Cidade do Rio de Janeiro"},"content":{"rendered":"<p><\/p>\n<div id=\"main\">\n<div class=\"wrapper-breadcrumbs\" wp_automatic_readability=\"26.051880674449\">\n<div class=\"image-post\" wp_automatic_readability=\"34\">\n                     Encontro foi realizado no centro de conven\u00e7\u00f5es ExpoRio, na Cidade Nova &#8211; Beth Santos \/ Prefeitura do Rio                  <\/div>\n<p>O prefeito do Rio, Eduardo Paes, reuniu seu secretariado pela terceira vez neste ano para o acompanhamento das metas da gest\u00e3o 2025\/2028. O encontro deste domingo (14\/09), realizado no centro de conven\u00e7\u00f5es ExpoRio, na Cidade Nova, fez uma an\u00e1lise do trabalho desenvolvido por todos os \u00f3rg\u00e3os da estrutura administrativa municipal.<\/p>\n<blockquote wp_automatic_readability=\"13\">\n<p>\u2013 Essa reuni\u00e3o \u00e9 uma pr\u00e1tica nossa de gest\u00e3o. Em todos os meus governos sempre estabelecemos metas muito claras para todo secretariado. E o que fazemos \u00e9 pegar um domingo, dia em que temos menos press\u00e3o, as pessoas sentam e olham meta a meta, desafio a desafio, para que a gente possa trazer as melhorias que a popula\u00e7\u00e3o merece. Ent\u00e3o, \u00e9 comando e gest\u00e3o \u2013 afirmou o prefeito do Rio.<\/p>\n<\/blockquote>\n<p>O vice-prefeito do Rio, Eduardo Cavaliere, apresentou o monitoramento das iniciativas, que est\u00e3o presentes no Plano Estrat\u00e9gico 2025\/2028. No total, s\u00e3o 88 metas e 134 projetos, divididos em 30 iniciativas.<\/p>\n<p>Todas est\u00e3o distribu\u00eddas por cinco eixos tem\u00e1ticos:<\/p>\n<ul>\n<li>Civilidade e Seguran\u00e7a: ordenamento urbano, tr\u00e2nsito e seguran\u00e7a p\u00fablica;<\/li>\n<li>Infraestrutura, Preven\u00e7\u00e3o a Desastres e Resili\u00eancia: mobilidade, habita\u00e7\u00e3o, \u00e1reas verdes, espa\u00e7o p\u00fablico e clima;<\/li>\n<li>Longevidade, Equidade e Humanidade: sa\u00fade, educa\u00e7\u00e3o, diversidade, prote\u00e7\u00e3o social e esportes;<\/li>\n<li>Futuro, Economia e Felicidade: inova\u00e7\u00e3o, cultura, turismo, emprego e desenvolvimento econ\u00f4mico;<\/li>\n<li>Equil\u00edbrio Fiscal, Boa Gest\u00e3o e Governan\u00e7a: digitaliza\u00e7\u00e3o, transpar\u00eancia, concess\u00f5es e parcerias p\u00fablico-privadas.<\/li>\n<\/ul>\n<p>\u00a0<\/p>\n<p>             <!-- Compartilhe ---><\/p>\n<p>\t\t\t <!-- TAGS --><\/p>\n<section class=\"category-tags\">\n<div class=\"marcacao-category\">\n<article class=\"category-post\">\n<p>Categoria: <\/p>\n<\/article>\n<li>14 de setembro de 2025<\/li><\/div>\n<article class=\"tags\">\n\t\t\t\t\tMarca\u00e7\u00f5es: gest\u00e3o 2025-2028 Plano Estrat\u00e9gico 2025-2028 reuni\u00e3o de secretariado<br \/><\/article>\n<\/section>\n<p>            <!-- Mais Not&iacute;cias --><\/p>\n<p>\t\t<!-- Conte&uacute;do SIDEBAR --><\/p><\/div>\n<\/p><\/div>\n","protected":false},"excerpt":{"rendered":"<p>Encontro foi realizado no centro de conven\u00e7\u00f5es ExpoRio, na Cidade Nova &#8211; Beth Santos \/ Prefeitura do Rio O prefeito do Rio, Eduardo Paes, reuniu seu secretariado pela terceira vez neste ano para o acompanhamento das metas da gest\u00e3o 2025\/2028. O encontro deste domingo (14\/09), realizado no centro de conven\u00e7\u00f5es ExpoRio, na Cidade Nova, fez [&hellip;]<\/p>\n","protected":false},"author":1,"featured_media":0,"comment_status":"","ping_status":"","sticky":false,"template":"","format":"standard","meta":{"footnotes":""},"categories":[1],"tags":[],"class_list":["post-42596","post","type-post","status-publish","format-standard","hentry","category-noticias"],"amp_enabled":true,"_links":{"self":[{"href":"https:\/\/novasdodia.com.br\/index.php\/wp-json\/wp\/v2\/posts\/42596","targetHints":{"allow":["GET"]}}],"collection":[{"href":"https:\/\/novasdodia.com.br\/index.php\/wp-json\/wp\/v2\/posts"}],"about":[{"href":"https:\/\/novasdodia.com.br\/index.php\/wp-json\/wp\/v2\/types\/post"}],"author":[{"embeddable":true,"href":"https:\/\/novasdodia.com.br\/index.php\/wp-json\/wp\/v2\/users\/1"}],"replies":[{"embeddable":true,"href":"https:\/\/novasdodia.com.br\/index.php\/wp-json\/wp\/v2\/comments?post=42596"}],"version-history":[{"count":0,"href":"https:\/\/novasdodia.com.br\/index.php\/wp-json\/wp\/v2\/posts\/42596\/revisions"}],"wp:attachment":[{"href":"https:\/\/novasdodia.com.br\/index.php\/wp-json\/wp\/v2\/media?parent=42596"}],"wp:term":[{"taxonomy":"category","embeddable":true,"href":"https:\/\/novasdodia.com.br\/index.php\/wp-json\/wp\/v2\/categories?post=42596"},{"taxonomy":"post_tag","embeddable":true,"href":"https:\/\/novasdodia.com.br\/index.php\/wp-json\/wp\/v2\/tags?post=42596"}],"curies":[{"name":"wp","href":"https:\/\/api.w.org\/{rel}","templated":true}]}}