{"id":42802,"date":"2025-09-19T15:24:47","date_gmt":"2025-09-19T18:24:47","guid":{"rendered":"https:\/\/novasdodia.com.br\/index.php\/2025\/09\/19\/ifsp-seleciona-estudantes-para-atuar-como-bolsistas-em-projetos-de-extensao-ifsp\/"},"modified":"2025-09-19T15:24:47","modified_gmt":"2025-09-19T18:24:47","slug":"ifsp-seleciona-estudantes-para-atuar-como-bolsistas-em-projetos-de-extensao-ifsp","status":"publish","type":"post","link":"https:\/\/novasdodia.com.br\/index.php\/2025\/09\/19\/ifsp-seleciona-estudantes-para-atuar-como-bolsistas-em-projetos-de-extensao-ifsp\/","title":{"rendered":"IFSP seleciona estudantes para atuar como bolsistas em projetos de Extens\u00e3o &#8211; IFSP"},"content":{"rendered":"<p><\/p>\n<div>\n<div class=\"subtitle\">\n<p>Interessados podem se inscrever at\u00e9 21 de setembro<\/p>\n<\/div>\n<p><!-- fim .content-header-options-1 --><\/p>\n<p>O Instituto Federal de S\u00e3o Paulo (IFSP) abre processo seletivo de estudantes para a participa\u00e7\u00e3o em projetos de Extens\u00e3o. Os estudantes interessados em se candidatar \u00e0 vaga como bolsista devem estar regularmente matriculados em cursos do IFSP no Campus S\u00e3o Paulo e ter cursado pelo menos um semestre do curso no qual est\u00e1 matriculado, conforme prev\u00ea o edital n\u00ba3\/2025. Todos os requisitos para as vagas podem ser conferidos no item 5 do edital.<\/p>\n<p>Para participar da sele\u00e7\u00e3o, os candidatos devem preencher o formul\u00e1rio de inscri\u00e7\u00e3o para Bolsista de Extens\u00e3o dispon\u00edvel em https:\/\/forms.office.com\/r\/4j4SSnpwQy \u00a0no per\u00edodo de 19 de setembro at\u00e9 \u00e0s 23h59 do dia 21 de setembro.<\/p>\n<p>A sele\u00e7\u00e3o de bolsistas visa propiciar aos estudantes o desenvolvimento de habilidades nas \u00e1reas tem\u00e1ticas de extens\u00e3o, viabilizando a participa\u00e7\u00e3o em projetos institucionais que estimulem o desenvolvimento de a\u00e7\u00f5es extensionistas que contribuam para a sua forma\u00e7\u00e3o profissional. O valor da bolsa \u00e9 de R$ 700 mensais, para dedica\u00e7\u00e3o de 20 horas semanais.<\/p>\n<p>O processo seletivo ser\u00e1 conduzido pela coordenadoria de Extens\u00e3o e ser\u00e1 composto por duas etapas: A primeira, eliminat\u00f3ria, consiste no envio do formul\u00e1rio de inscri\u00e7\u00e3o devidamente preenchido e demais anexos necess\u00e1rios. A segunda etapa, classificat\u00f3ria, \u00e9 composta por entrevista com base nos crit\u00e9rios acad\u00eamicos especificados no Anexo I do edital.<\/p>\n<p>A divulga\u00e7\u00e3o do resultado da sele\u00e7\u00e3o est\u00e1 prevista para 24 de setembro. O cronograma completo do processo pode ser conferido no item 12 de edital.<\/p>\n<p>Documentos:<\/p>\n<p>Edital n\u00ba 3\/2025<\/p>\n<\/div>\n","protected":false},"excerpt":{"rendered":"<p>Interessados podem se inscrever at\u00e9 21 de setembro O Instituto Federal de S\u00e3o Paulo (IFSP) abre processo seletivo de estudantes para a participa\u00e7\u00e3o em projetos de Extens\u00e3o. Os estudantes interessados em se candidatar \u00e0 vaga como bolsista devem estar regularmente matriculados em cursos do IFSP no Campus S\u00e3o Paulo e ter cursado pelo menos um [&hellip;]<\/p>\n","protected":false},"author":1,"featured_media":0,"comment_status":"","ping_status":"","sticky":false,"template":"","format":"standard","meta":{"footnotes":""},"categories":[1],"tags":[],"class_list":["post-42802","post","type-post","status-publish","format-standard","hentry","category-noticias"],"amp_enabled":true,"_links":{"self":[{"href":"https:\/\/novasdodia.com.br\/index.php\/wp-json\/wp\/v2\/posts\/42802","targetHints":{"allow":["GET"]}}],"collection":[{"href":"https:\/\/novasdodia.com.br\/index.php\/wp-json\/wp\/v2\/posts"}],"about":[{"href":"https:\/\/novasdodia.com.br\/index.php\/wp-json\/wp\/v2\/types\/post"}],"author":[{"embeddable":true,"href":"https:\/\/novasdodia.com.br\/index.php\/wp-json\/wp\/v2\/users\/1"}],"replies":[{"embeddable":true,"href":"https:\/\/novasdodia.com.br\/index.php\/wp-json\/wp\/v2\/comments?post=42802"}],"version-history":[{"count":0,"href":"https:\/\/novasdodia.com.br\/index.php\/wp-json\/wp\/v2\/posts\/42802\/revisions"}],"wp:attachment":[{"href":"https:\/\/novasdodia.com.br\/index.php\/wp-json\/wp\/v2\/media?parent=42802"}],"wp:term":[{"taxonomy":"category","embeddable":true,"href":"https:\/\/novasdodia.com.br\/index.php\/wp-json\/wp\/v2\/categories?post=42802"},{"taxonomy":"post_tag","embeddable":true,"href":"https:\/\/novasdodia.com.br\/index.php\/wp-json\/wp\/v2\/tags?post=42802"}],"curies":[{"name":"wp","href":"https:\/\/api.w.org\/{rel}","templated":true}]}}