{"id":42831,"date":"2025-09-20T02:40:53","date_gmt":"2025-09-20T05:40:53","guid":{"rendered":"https:\/\/novasdodia.com.br\/index.php\/2025\/09\/20\/caravana-do-cuidar-tem-edicao-especial-pelo-dia-nacional-de-luta-da-pessoa-com-deficiencia\/"},"modified":"2025-09-20T02:40:53","modified_gmt":"2025-09-20T05:40:53","slug":"caravana-do-cuidar-tem-edicao-especial-pelo-dia-nacional-de-luta-da-pessoa-com-deficiencia","status":"publish","type":"post","link":"https:\/\/novasdodia.com.br\/index.php\/2025\/09\/20\/caravana-do-cuidar-tem-edicao-especial-pelo-dia-nacional-de-luta-da-pessoa-com-deficiencia\/","title":{"rendered":"Caravana do Cuidar tem edi\u00e7\u00e3o especial pelo Dia Nacional de Luta da Pessoa com Defici\u00eancia"},"content":{"rendered":"<p><\/p>\n<div>\n<p>A Secretaria de Direitos Humanos e Cidadania de Jo\u00e3o Pessoa (Sedhuc) promoveu, na Pra\u00e7a Aristides Lobo, no Centro da Capital, mais uma edi\u00e7\u00e3o da Caravana do Cuidar. Mas o evento desta sexta-feira (19) foi especial, fazendo refer\u00eancia ao Dia Nacional de Luta da Pessoa com Defici\u00eancia. A a\u00e7\u00e3o levou cidadania, inclus\u00e3o e servi\u00e7os gratuitos \u00e0 popula\u00e7\u00e3o, totalizando 321 atendimentos.<\/p>\n<figure class=\"wp-block-gallery has-nested-images columns-default is-cropped wp-block-gallery-1 is-layout-flex wp-block-gallery-is-layout-flex\">\n<figure class=\"wp-block-image size-large\"><\/figure>\n<figure class=\"wp-block-image size-large\"><\/figure>\n<\/figure>\n<p>Moradores da regi\u00e3o aproveitaram a oportunidade para resolver demandas, cuidar da sa\u00fade e participar de atividades de bem-estar. Foi o caso de Josie Lopes, que destacou a import\u00e2ncia da iniciativa para quem precisa de atendimento r\u00e1pido e sem burocracia. \u201cEu vim com meu esposo para falar com o m\u00e9dico. Aproveitei e fui ao dentista, al\u00e9m de pintar minhas unhas. Fui muito bem atendida, tudo r\u00e1pido e tranquilo. At\u00e9 consegui encaminhamento para resolver o div\u00f3rcio da minha prima. Achei \u00f3timo, uma a\u00e7\u00e3o muito boa, que ajuda muito a comunidade\u201d, relatou.<\/p>\n<p>No espa\u00e7o tamb\u00e9m estiveram presentes fam\u00edlias assistidas pelo Centro-Dia de Refer\u00eancia para Pessoas com Defici\u00eancia. Para Maria da Paz, m\u00e3e de um dos usu\u00e1rios do servi\u00e7o, a parceria fortalece o cuidado e a inclus\u00e3o. \u201cSe eu soubesse, tinha colocado meu filho desde cedo no Centro-Dia. Ele j\u00e1 se desenvolveu muito, melhorou na intera\u00e7\u00e3o com outras pessoas e participa de v\u00e1rias atividades, como pintura. Essa parceria com a Caravana foi maravilhosa, porque conseguimos aproveitar ainda mais servi\u00e7os\u201d, afirmou.<\/p>\n<p>O jovem Manoel Adrien, que est\u00e1 sendo atendido pelo Centro h\u00e1 7 anos, completou. \u201cO que eu mais gosto s\u00e3o das psic\u00f3logas, da coordenadora e dos amigos que fa\u00e7o por l\u00e1. Tamb\u00e9m adoro cantar e participar das col\u00f4nias de f\u00e9rias\u201d, revelou. Durante a visita, Adrien tamb\u00e9m aproveitou para cantar e animar o p\u00fablico que esperava pelo atendimento.<\/p>\n<figure class=\"wp-block-gallery has-nested-images columns-default is-cropped wp-block-gallery-2 is-layout-flex wp-block-gallery-is-layout-flex\">\n<figure class=\"wp-block-image size-large\"><\/figure>\n<figure class=\"wp-block-image size-large\"><\/figure>\n<\/figure>\n<p><strong>Apoio da comunidade \u2013<\/strong> Para a presidente da Associa\u00e7\u00e3o Amigos do Centro Hist\u00f3rico, Rita M\u00f4nica, que solicitou a realiza\u00e7\u00e3o da Caravana no bairro, a a\u00e7\u00e3o representa um marco para a comunidade. \u201cA gente queria muito isso, porque aqui existem muitas pessoas que necessitam desses atendimentos. Nem sempre temos acesso a todos os servi\u00e7os p\u00fablicos no nosso cotidiano e hoje a Prefeitura trouxe essa oportunidade para perto de n\u00f3s. S\u00f3 temos a agradecer pela parceria e pelo olhar sens\u00edvel com os moradores do Centro Hist\u00f3rico\u201d, destacou.<\/p>\n<figure class=\"wp-block-gallery has-nested-images columns-default is-cropped wp-block-gallery-3 is-layout-flex wp-block-gallery-is-layout-flex\">\n<figure class=\"wp-block-image size-large\"><\/figure>\n<\/figure>\n<p><strong>Atendimentos \u2013<\/strong> Na edi\u00e7\u00e3o desta sexta-feira, a Caravana contabilizou 321 atendimentos, sendo 42 emiss\u00f5es do Cart\u00e3o SUS, 18 consultas m\u00e9dicas, 12 atendimentos odontol\u00f3gicos, 12 procedimentos de sa\u00fade bucal, 51 aferi\u00e7\u00f5es de press\u00e3o arterial, 22 testes de glicemia e 5 aplica\u00e7\u00f5es de vacinas.<\/p>\n<p>Nos servi\u00e7os de cidadania, a Defensoria P\u00fablica realizou 35 atendimentos, a Junta de Servi\u00e7o Militar registrou 13 encaminhamentos, o Procon-JP contabilizou 6 atendimentos e o programa \u2018Eu Posso\u2019 atendeu 3 empreendedores, al\u00e9m de 8 agendamentos para o Castram\u00f3vel. J\u00e1 o Acessuas Trabalho prestou duas orienta\u00e7\u00f5es. A popula\u00e7\u00e3o tamb\u00e9m foi beneficiada com servi\u00e7os de bem-estar, com 30 cortes de cabelo e 28 de manicure.<\/p>\n<\/p><\/div>\n","protected":false},"excerpt":{"rendered":"<p>A Secretaria de Direitos Humanos e Cidadania de Jo\u00e3o Pessoa (Sedhuc) promoveu, na Pra\u00e7a Aristides Lobo, no Centro da Capital, mais uma edi\u00e7\u00e3o da Caravana do Cuidar. Mas o evento desta sexta-feira (19) foi especial, fazendo refer\u00eancia ao Dia Nacional de Luta da Pessoa com Defici\u00eancia. A a\u00e7\u00e3o levou cidadania, inclus\u00e3o e servi\u00e7os gratuitos \u00e0 [&hellip;]<\/p>\n","protected":false},"author":1,"featured_media":0,"comment_status":"","ping_status":"","sticky":false,"template":"","format":"standard","meta":{"footnotes":""},"categories":[1],"tags":[],"class_list":["post-42831","post","type-post","status-publish","format-standard","hentry","category-noticias"],"amp_enabled":true,"_links":{"self":[{"href":"https:\/\/novasdodia.com.br\/index.php\/wp-json\/wp\/v2\/posts\/42831","targetHints":{"allow":["GET"]}}],"collection":[{"href":"https:\/\/novasdodia.com.br\/index.php\/wp-json\/wp\/v2\/posts"}],"about":[{"href":"https:\/\/novasdodia.com.br\/index.php\/wp-json\/wp\/v2\/types\/post"}],"author":[{"embeddable":true,"href":"https:\/\/novasdodia.com.br\/index.php\/wp-json\/wp\/v2\/users\/1"}],"replies":[{"embeddable":true,"href":"https:\/\/novasdodia.com.br\/index.php\/wp-json\/wp\/v2\/comments?post=42831"}],"version-history":[{"count":0,"href":"https:\/\/novasdodia.com.br\/index.php\/wp-json\/wp\/v2\/posts\/42831\/revisions"}],"wp:attachment":[{"href":"https:\/\/novasdodia.com.br\/index.php\/wp-json\/wp\/v2\/media?parent=42831"}],"wp:term":[{"taxonomy":"category","embeddable":true,"href":"https:\/\/novasdodia.com.br\/index.php\/wp-json\/wp\/v2\/categories?post=42831"},{"taxonomy":"post_tag","embeddable":true,"href":"https:\/\/novasdodia.com.br\/index.php\/wp-json\/wp\/v2\/tags?post=42831"}],"curies":[{"name":"wp","href":"https:\/\/api.w.org\/{rel}","templated":true}]}}