{"id":42871,"date":"2025-09-21T07:29:47","date_gmt":"2025-09-21T10:29:47","guid":{"rendered":"https:\/\/novasdodia.com.br\/index.php\/2025\/09\/21\/mato-grosso-do-sul-sai-na-frente-na-captura-de-carbono-e-no-desenvolvimento-sustentavel-agencia-de-noticias-do-governo-de-mato-grosso-do-sul\/"},"modified":"2025-09-21T07:29:47","modified_gmt":"2025-09-21T10:29:47","slug":"mato-grosso-do-sul-sai-na-frente-na-captura-de-carbono-e-no-desenvolvimento-sustentavel-agencia-de-noticias-do-governo-de-mato-grosso-do-sul","status":"publish","type":"post","link":"https:\/\/novasdodia.com.br\/index.php\/2025\/09\/21\/mato-grosso-do-sul-sai-na-frente-na-captura-de-carbono-e-no-desenvolvimento-sustentavel-agencia-de-noticias-do-governo-de-mato-grosso-do-sul\/","title":{"rendered":"Mato Grosso do Sul sai na frente na captura de carbono e no desenvolvimento sustent\u00e1vel \u2013 Ag\u00eancia de Noticias do Governo de Mato Grosso do Sul"},"content":{"rendered":"<p><\/p>\n<div>\n<p>Mato Grosso do Sul desponta como refer\u00eancia da agenda verde, provando ao Pa\u00eds e ao mundo que \u00e9 poss\u00edvel conciliar crescimento econ\u00f4mico com respeito ao meio ambiente. Alinhado ao programa estadual Carbono Neutro 2030, o Estado n\u00e3o apenas avan\u00e7a, mas serve de exemplo, apontando caminhos concretos para enfrentar os desafios clim\u00e1ticos.<\/p>\n<p>Na UEMS (Universidade Estadual de Mato Grosso do Sul), em Aquidauana, surgem iniciativas que entrela\u00e7am ci\u00eancia, inova\u00e7\u00e3o e preserva\u00e7\u00e3o ambiental, promovendo um di\u00e1logo harmonioso entre culturas produtivas e natureza. O objetivo \u00e9 claro e inspirador: recuperar \u00e1reas degradadas e impulsionar uma produ\u00e7\u00e3o sustent\u00e1vel que, ao mesmo tempo, gera riqueza e cultiva um futuro mais verde.<\/p>\n<p>Esses projetos se integram \u00e0 educa\u00e7\u00e3o ambiental e ao planejamento sustent\u00e1vel, em sintonia com a celebra\u00e7\u00e3o do Dia da \u00c1rvore (21 de setembro), um momento dedicado \u00e0 conscientiza\u00e7\u00e3o ecol\u00f3gica e \u00e0 valoriza\u00e7\u00e3o da conserva\u00e7\u00e3o do meio ambiente.<\/p>\n<figure id=\"attachment_522044\" aria-describedby=\"caption-attachment-522044\" style=\"width: 1024px\" class=\"wp-caption aligncenter\"><figcaption id=\"caption-attachment-522044\" class=\"wp-caption-text\"><em>PackSeed: Na UEMS de Aquidauana, surgem iniciativas que entrela\u00e7am ci\u00eancia, inova\u00e7\u00e3o e preserva\u00e7\u00e3o ambiental<\/em><\/figcaption><\/figure>\n<p>Entre os destaques est\u00e1 o PackSeed \u2013 Inova\u00e7\u00e3o na Dispers\u00e3o de Sementes, projeto desenvolvido em parceria com a startup EcoSeed, voltado \u00e0 recupera\u00e7\u00e3o de \u00e1reas degradadas de forma mais econ\u00f4mica. \u00c0 frente do projeto est\u00e3o Allan Motta Couto, docente da UEMS de Aquidauana, engenheiro florestal e doutor em Tecnologia de Produtos Florestais, e Adriana Soares Luzardo Couto, docente do CEPA (Centro Educacional Profissional de Aquidauana), engenheira florestal, engenheira agr\u00f4noma e doutoranda em Agronomia.<\/p>\n<p>Segundo Allan Motta Couto, \u201cnosso prot\u00f3tipo performou bem em escala laboratorial e agora vamos valid\u00e1-lo em situa\u00e7\u00e3o real de campo ainda este ano. O projeto n\u00e3o tem como foco principal o sequestro de carbono, mas \u00e9 inevit\u00e1vel que ele contribua para a fixa\u00e7\u00e3o de carbono atmosf\u00e9rico.\u201d<\/p>\n<p>Adriana Luzardo Couto acrescenta que \u201co PackSeed busca viabilizar a recupera\u00e7\u00e3o de \u00e1reas degradadas de forma acess\u00edvel, tornando a tecnologia aplic\u00e1vel para produtores e institui\u00e7\u00f5es que desejam recuperar solos ou reflorestar suas propriedades.\u201d<\/p>\n<figure id=\"attachment_522040\" aria-describedby=\"caption-attachment-522040\" style=\"width: 1024px\" class=\"wp-caption aligncenter\"><figcaption id=\"caption-attachment-522040\" class=\"wp-caption-text\"><em>Projeto sustent\u00e1vel do Louro-Preto (Cordia glabrata)<\/em><\/figcaption><\/figure>\n<p>Outro projeto estrat\u00e9gico \u00e9 o uso sustent\u00e1vel do Louro-Preto (Cordia glabrata), desenvolvido em conjunto com a EMBRAPA Pantanal, que atua na produ\u00e7\u00e3o de mudas, arboriza\u00e7\u00e3o de pastagens e melhoria do bem-estar animal.<br \/>\u201cTrabalhamos diferentes densidades arb\u00f3reas para avaliar o efeito na pastagem e possibilitar ou n\u00e3o a arboriza\u00e7\u00e3o visando a produ\u00e7\u00e3o pecu\u00e1ria. O foco n\u00e3o \u00e9 carbono, mas sim proporcionar clima adequado para melhor desempenho na produ\u00e7\u00e3o e bem-estar do animal\u201d, explica Couto.<\/p>\n<p>O projeto \u201cSistema ILPF (Integra\u00e7\u00e3o Lavoura-Pecu\u00e1ria-Floresta) no Ec\u00f3tono Cerrado-Pantanal\u201d \u00e9 outro destaque da UEMS, avaliando o potencial produtivo e a captura de carbono em \u00e1reas de integra\u00e7\u00e3o, com \u00eanfase no cultivo de eucalipto em ambientes pecu\u00e1rios.<\/p>\n<p>De acordo com Motta, em um sistema ILPF cujo crescimento florestal chega a 20 m\u00b3 por hectare ano, estima-se que haja imobiliza\u00e7\u00e3o de 18 toneladas de CO2 ao ano por hectare, isso considerando apenas o tronco das \u00e1rvores.<\/p>\n<figure id=\"attachment_522042\" aria-describedby=\"caption-attachment-522042\" style=\"width: 258px\" class=\"wp-caption alignleft\"><figcaption id=\"caption-attachment-522042\" class=\"wp-caption-text\"><em>Allan Motta Couto, docente da UEMS<\/em><\/figcaption><\/figure>\n<p>\u201cOu seja, para cada hectare com o sistema ILPF equivale a emiss\u00e3o de nove carros por ano, aproximadamente\u201d, explica.<\/p>\n<p>Ele acrescenta ainda que a ideia \u00e9 difundir informa\u00e7\u00e3o e estimular os produtores, demonstrando que a \u201cintegra\u00e7\u00e3o arb\u00f3rea na produ\u00e7\u00e3o de carne \u00e9 vi\u00e1vel e sustent\u00e1vel\u201d, observa o pesquisador da UEMS.<\/p>\n<p>\u201cNa regi\u00e3o de Aquidauana, praticamente nenhum produtor utiliza eucalipto ou pastagem arborizada para produ\u00e7\u00e3o de pecu\u00e1ria. Nosso experimento busca mudar essa mentalidade, mostrando que o componente arb\u00f3reo pode gerar benef\u00edcios ambientais e produtivos.\u201d<\/p>\n<p>Outro ponto relevante \u00e9 que a produ\u00e7\u00e3o pecu\u00e1ria apresenta muita emiss\u00e3o de gases do efeito estufa. Estes s\u00e3o mitigados pelas \u00e1rvores do pr\u00f3prio sistema de produ\u00e7\u00e3o, tornando a atividade com menor potencial poluidor.<\/p>\n<p>Entre 2022 e 2024, a engenheira agr\u00f4noma Larissa Pereira Ribeiro Teodoro, da UFMS, participou de um estudo financiado pela Fundect (Funda\u00e7\u00e3o de Apoio ao Desenvolvimento do Ensino, Ci\u00eancia e Tecnologia do Estado de Mato Grosso do Sul) que avaliou a contribui\u00e7\u00e3o das florestas plantadas de eucalipto para a meta do Governo de MS de neutralidade de carbono at\u00e9 2030.<\/p>\n<p>Segundo Larissa Teodoro, ap\u00f3s dois anos de pesquisa, realizados em diferentes usos e ocupa\u00e7\u00f5es do solo nos tr\u00eas biomas do Estado &#8211; Cerrado, Pantanal e Mata Atl\u00e2ntica -, comprovou-se que a cultura do eucalipto apresenta menor emiss\u00e3o de di\u00f3xido de carbono (CO\u2082) pelo solo quando comparada a outros sistemas de cultivo avaliados, como pastagens. Al\u00e9m disso, a esp\u00e9cie demonstrou altos valores de estoque de carbono no solo.<\/p>\n<figure id=\"attachment_522046\" aria-describedby=\"caption-attachment-522046\" style=\"width: 1024px\" class=\"wp-caption aligncenter\"><figcaption id=\"caption-attachment-522046\" class=\"wp-caption-text\"><em>Projeto \u201cSistema ILPF no Ec\u00f3tono Cerrado-Pantanal\u201d \u00e9 outro destaque da UEMS<\/em><\/figcaption><\/figure>\n<p>\u201cEste resultado \u00e9 relevante para estrat\u00e9gias que unem economia e sustentabilidade no Estado, pois evidencia que a silvicultura pode funcionar como um sistema de produ\u00e7\u00e3o com menor emiss\u00e3o de carbono. Uma estrat\u00e9gia ainda mais eficiente seria o cultivo de eucalipto em sistemas integrados, como pecu\u00e1ria-floresta, que promovem, al\u00e9m da sustentabilidade, maior diversidade de produ\u00e7\u00e3o e melhor bem-estar animal\u201d, explica a engenheira.<\/p>\n<p>Ela salienta que \u201co avan\u00e7o da silvicultura no Estado tende a contribuir n\u00e3o apenas para a economia, mas tamb\u00e9m para que alcancemos a meta de Estado Carbono Neutro. Entretanto, a estrat\u00e9gia mais interessante \u00e9 a ado\u00e7\u00e3o de sistemas integrados, como a pecu\u00e1ria-floresta, que combinam produ\u00e7\u00e3o e preserva\u00e7\u00e3o ambiental de forma eficaz\u201d.<\/p>\n<p>Segundo informa\u00e7\u00f5es da Semadesc (Secretaria de Meio Ambiente, Desenvolvimento, Ci\u00eancia, Tecnologia e Inova\u00e7\u00e3o), cinco dos dez\u00a0munic\u00edpios brasileiros com maiores \u00e1reas de florestas plantadas no Brasil est\u00e3o no Mato Grosso do Sul.<\/p>\n<p>Para o ano de 2025, esses cinco munic\u00edpios, Ribas do Rio Pardo (463 mil hec), Tr\u00eas Lagoas (331 mil hec), \u00c1gua Clara (182 mil hec), Brasil\u00e2ndia (151 mil hec) e Selv\u00edria (110 mil hec) juntos somam mais de 1 milh\u00e3o de hectares de florestas plantadas (SIGA\/MS), o que configura o Mato Grosso do Sul como o segundo colocado nacional em \u00e1rea de florestas plantadas.<\/p>\n<p><em>Alexandre Gonzaga, Comunica\u00e7\u00e3o do Governo de MS<\/em><br \/><em>Fotos: Arquivo Professor Allan Couto\/UEMS<\/em><\/p>\n<\/div>\n","protected":false},"excerpt":{"rendered":"<p>Mato Grosso do Sul desponta como refer\u00eancia da agenda verde, provando ao Pa\u00eds e ao mundo que \u00e9 poss\u00edvel conciliar crescimento econ\u00f4mico com respeito ao meio ambiente. Alinhado ao programa estadual Carbono Neutro 2030, o Estado n\u00e3o apenas avan\u00e7a, mas serve de exemplo, apontando caminhos concretos para enfrentar os desafios clim\u00e1ticos. Na UEMS (Universidade Estadual [&hellip;]<\/p>\n","protected":false},"author":1,"featured_media":0,"comment_status":"","ping_status":"","sticky":false,"template":"","format":"standard","meta":{"footnotes":""},"categories":[],"tags":[],"class_list":["post-42871","post","type-post","status-publish","format-standard","hentry"],"amp_enabled":true,"_links":{"self":[{"href":"https:\/\/novasdodia.com.br\/index.php\/wp-json\/wp\/v2\/posts\/42871","targetHints":{"allow":["GET"]}}],"collection":[{"href":"https:\/\/novasdodia.com.br\/index.php\/wp-json\/wp\/v2\/posts"}],"about":[{"href":"https:\/\/novasdodia.com.br\/index.php\/wp-json\/wp\/v2\/types\/post"}],"author":[{"embeddable":true,"href":"https:\/\/novasdodia.com.br\/index.php\/wp-json\/wp\/v2\/users\/1"}],"replies":[{"embeddable":true,"href":"https:\/\/novasdodia.com.br\/index.php\/wp-json\/wp\/v2\/comments?post=42871"}],"version-history":[{"count":0,"href":"https:\/\/novasdodia.com.br\/index.php\/wp-json\/wp\/v2\/posts\/42871\/revisions"}],"wp:attachment":[{"href":"https:\/\/novasdodia.com.br\/index.php\/wp-json\/wp\/v2\/media?parent=42871"}],"wp:term":[{"taxonomy":"category","embeddable":true,"href":"https:\/\/novasdodia.com.br\/index.php\/wp-json\/wp\/v2\/categories?post=42871"},{"taxonomy":"post_tag","embeddable":true,"href":"https:\/\/novasdodia.com.br\/index.php\/wp-json\/wp\/v2\/tags?post=42871"}],"curies":[{"name":"wp","href":"https:\/\/api.w.org\/{rel}","templated":true}]}}