{"id":42872,"date":"2025-09-21T08:11:47","date_gmt":"2025-09-21T11:11:47","guid":{"rendered":"https:\/\/novasdodia.com.br\/index.php\/2025\/09\/21\/alem-do-atendimento-medico-onde-mais-o-sus-atua-cgnoticias\/"},"modified":"2025-09-21T08:11:47","modified_gmt":"2025-09-21T11:11:47","slug":"alem-do-atendimento-medico-onde-mais-o-sus-atua-cgnoticias","status":"publish","type":"post","link":"https:\/\/novasdodia.com.br\/index.php\/2025\/09\/21\/alem-do-atendimento-medico-onde-mais-o-sus-atua-cgnoticias\/","title":{"rendered":"Al\u00e9m do atendimento m\u00e9dico, onde mais o SUS atua?\u00a0 \u2013 CGNot\u00edcias"},"content":{"rendered":"<p><\/p>\n<div>\n<p>Quando pensamos no SUS, \u00e9 comum que a primeira imagem que surja seja a de uma unidade de sa\u00fade, com consultas e atendimentos. Mas o Sistema \u00danico de Sa\u00fade \u00e9 muito mais do que isso: ele est\u00e1 espalhado por todos os cantos, presente em cada gesto de cuidado, em cada a\u00e7\u00e3o que garante bem-estar e qualidade de vida.<\/p>\n<p>Nesta sexta-feira (19), o maior sistema p\u00fablico de sa\u00fade do mundo completa 35 anos. Uma hist\u00f3ria constru\u00edda dia ap\u00f3s dia, n\u00e3o apenas nos consult\u00f3rios e hospitais, mas tamb\u00e9m naquilo que muitas vezes passa despercebido: a seguran\u00e7a da \u00e1gua que bebemos, o alimento que chega \u00e0 nossa mesa, a areia em que as crian\u00e7as brincam.<\/p>\n<p>\u201cO SUS est\u00e1 presente em todas as \u00e1reas, desde o atendimento m\u00e9dico, que \u00e9 o mais lembrado, at\u00e9 no combate \u00e0s endemias, viroses, fiscaliza\u00e7\u00e3o de estabelecimentos, vacina\u00e7\u00e3o, verifica\u00e7\u00e3o da qualidade da \u00e1gua e da areia, controle de zoonoses\u201d, lembra a superintendente de Vigil\u00e2ncia em Sa\u00fade, Veruska Lahdo.<\/p>\n<p>E h\u00e1 ainda mais: transplantes de \u00f3rg\u00e3os, doa\u00e7\u00e3o de sangue, autoriza\u00e7\u00e3o para eventos e shows, o socorro r\u00e1pido do SAMU, o carinho do Programa Sa\u00fade na Escola, a presen\u00e7a das equipes do Consult\u00f3rio na Rua, o acolhimento dos bancos de leite humano nas maternidades e at\u00e9 mesmo a aten\u00e7\u00e3o dentro dos pres\u00eddios.<\/p>\n<p>\u201cO servi\u00e7o \u00e9 universal e est\u00e1 em todos os lugares, para todos, seja nos atendimentos especializados, nas medica\u00e7\u00f5es que chegam pelas unidades de sa\u00fade e pela Farm\u00e1cia Popular, ou nos tratamentos mais complexos que necessitam de acompanhamento hospitalar\u201d, refor\u00e7a Ana Paula Resende, superintendente da Rede de Assist\u00eancia \u00e0 Sa\u00fade.<\/p>\n<p>Em Campo Grande, uma cidade com cerca de 954 mil habitantes, j\u00e1 s\u00e3o mais de 1,5 milh\u00e3o de cart\u00f5es SUS ativos \u2014 prova de que a capital n\u00e3o cuida apenas de si, mas tamb\u00e9m \u00e9 refer\u00eancia para outros 33 munic\u00edpios de Mato Grosso do Sul.<\/p>\n<p>#<em>ParaTodosVerem: foto de capa mostra pesquisadora com animais pe\u00e7onhentos<\/em><\/p>\n<\/div>\n<p><script async defer async defer src=\"https:\/\/connect.facebook.net\/en_US\/sdk.js?ver=1#xfbml=1&amp;version=v3.2\" id=\"prefeitura-campogrande-script-facebook-sdk-js\"><\/script><\/p>\n","protected":false},"excerpt":{"rendered":"<p>Quando pensamos no SUS, \u00e9 comum que a primeira imagem que surja seja a de uma unidade de sa\u00fade, com consultas e atendimentos. Mas o Sistema \u00danico de Sa\u00fade \u00e9 muito mais do que isso: ele est\u00e1 espalhado por todos os cantos, presente em cada gesto de cuidado, em cada a\u00e7\u00e3o que garante bem-estar e [&hellip;]<\/p>\n","protected":false},"author":1,"featured_media":0,"comment_status":"","ping_status":"","sticky":false,"template":"","format":"standard","meta":{"footnotes":""},"categories":[],"tags":[],"class_list":["post-42872","post","type-post","status-publish","format-standard","hentry"],"amp_enabled":true,"_links":{"self":[{"href":"https:\/\/novasdodia.com.br\/index.php\/wp-json\/wp\/v2\/posts\/42872","targetHints":{"allow":["GET"]}}],"collection":[{"href":"https:\/\/novasdodia.com.br\/index.php\/wp-json\/wp\/v2\/posts"}],"about":[{"href":"https:\/\/novasdodia.com.br\/index.php\/wp-json\/wp\/v2\/types\/post"}],"author":[{"embeddable":true,"href":"https:\/\/novasdodia.com.br\/index.php\/wp-json\/wp\/v2\/users\/1"}],"replies":[{"embeddable":true,"href":"https:\/\/novasdodia.com.br\/index.php\/wp-json\/wp\/v2\/comments?post=42872"}],"version-history":[{"count":0,"href":"https:\/\/novasdodia.com.br\/index.php\/wp-json\/wp\/v2\/posts\/42872\/revisions"}],"wp:attachment":[{"href":"https:\/\/novasdodia.com.br\/index.php\/wp-json\/wp\/v2\/media?parent=42872"}],"wp:term":[{"taxonomy":"category","embeddable":true,"href":"https:\/\/novasdodia.com.br\/index.php\/wp-json\/wp\/v2\/categories?post=42872"},{"taxonomy":"post_tag","embeddable":true,"href":"https:\/\/novasdodia.com.br\/index.php\/wp-json\/wp\/v2\/tags?post=42872"}],"curies":[{"name":"wp","href":"https:\/\/api.w.org\/{rel}","templated":true}]}}