{"id":42910,"date":"2025-09-22T13:47:02","date_gmt":"2025-09-22T16:47:02","guid":{"rendered":"https:\/\/novasdodia.com.br\/index.php\/2025\/09\/22\/prefeitura-de-bonito-apresenta-projeto-da-praca-do-terere-na-vila-machado-prefeitura-municipal-de-bonito\/"},"modified":"2025-09-22T13:47:02","modified_gmt":"2025-09-22T16:47:02","slug":"prefeitura-de-bonito-apresenta-projeto-da-praca-do-terere-na-vila-machado-prefeitura-municipal-de-bonito","status":"publish","type":"post","link":"https:\/\/novasdodia.com.br\/index.php\/2025\/09\/22\/prefeitura-de-bonito-apresenta-projeto-da-praca-do-terere-na-vila-machado-prefeitura-municipal-de-bonito\/","title":{"rendered":"Prefeitura de Bonito apresenta projeto da Pra\u00e7a do Terer\u00e9 na Vila Machado &#8211; Prefeitura Municipal de Bonito"},"content":{"rendered":"<p><\/p>\n<div>\n<div class=\"td-post-featured-image\"><\/div>\n<p>A Prefeitura de Bonito apresentou o projeto da Pra\u00e7a do Terer\u00e9, que ser\u00e1 implantada na Vila Machado, na esquina entre as ruas Eliza Alves Fran\u00e7a e Starde Carlos Xavier, em frente ao Bar do Ram\u00e3o. O espa\u00e7o ser\u00e1 um ponto de encontro e conviv\u00eancia para os moradores do bairro e entorno.<\/p>\n<p>O projeto prev\u00ea a constru\u00e7\u00e3o de uma pra\u00e7a com \u00e1rea de paisagismo, bancos, ilumina\u00e7\u00e3o p\u00fablica, espa\u00e7os de sombra e uma quadra de<strong> <\/strong>areia, que poder\u00e1 ser utilizada para pr\u00e1ticas esportivas como v\u00f4lei e futev\u00f4lei. O ambiente ser\u00e1 ideal para lazer, encontros e atividades ao ar livre. O nome da pra\u00e7a \u00e9 uma homenagem ao terer\u00e9, tradi\u00e7\u00e3o enraizada no cotidiano da popula\u00e7\u00e3o bonitense.<\/p>\n<p>A obra ser\u00e1 licitada em breve e integra o conjunto de a\u00e7\u00f5es da Prefeitura voltadas \u00e0 amplia\u00e7\u00e3o de espa\u00e7os p\u00fablicos de lazer nos bairros da cidade.<\/p>\n<figure class=\"wp-block-gallery has-nested-images columns-default is-cropped wp-block-gallery-1 is-layout-flex wp-block-gallery-is-layout-flex\">\n<figure class=\"wp-block-image size-large\"><\/figure>\n<figure class=\"wp-block-image size-large\"><\/figure>\n<figure class=\"wp-block-image size-large\"><\/figure>\n<figure class=\"wp-block-image size-large\"><\/figure>\n<figure class=\"wp-block-image size-large\"><\/figure>\n<\/figure><\/div>\n","protected":false},"excerpt":{"rendered":"<p>A Prefeitura de Bonito apresentou o projeto da Pra\u00e7a do Terer\u00e9, que ser\u00e1 implantada na Vila Machado, na esquina entre as ruas Eliza Alves Fran\u00e7a e Starde Carlos Xavier, em frente ao Bar do Ram\u00e3o. O espa\u00e7o ser\u00e1 um ponto de encontro e conviv\u00eancia para os moradores do bairro e entorno. O projeto prev\u00ea a [&hellip;]<\/p>\n","protected":false},"author":1,"featured_media":0,"comment_status":"","ping_status":"","sticky":false,"template":"","format":"standard","meta":{"footnotes":""},"categories":[],"tags":[],"class_list":["post-42910","post","type-post","status-publish","format-standard","hentry"],"amp_enabled":true,"_links":{"self":[{"href":"https:\/\/novasdodia.com.br\/index.php\/wp-json\/wp\/v2\/posts\/42910","targetHints":{"allow":["GET"]}}],"collection":[{"href":"https:\/\/novasdodia.com.br\/index.php\/wp-json\/wp\/v2\/posts"}],"about":[{"href":"https:\/\/novasdodia.com.br\/index.php\/wp-json\/wp\/v2\/types\/post"}],"author":[{"embeddable":true,"href":"https:\/\/novasdodia.com.br\/index.php\/wp-json\/wp\/v2\/users\/1"}],"replies":[{"embeddable":true,"href":"https:\/\/novasdodia.com.br\/index.php\/wp-json\/wp\/v2\/comments?post=42910"}],"version-history":[{"count":0,"href":"https:\/\/novasdodia.com.br\/index.php\/wp-json\/wp\/v2\/posts\/42910\/revisions"}],"wp:attachment":[{"href":"https:\/\/novasdodia.com.br\/index.php\/wp-json\/wp\/v2\/media?parent=42910"}],"wp:term":[{"taxonomy":"category","embeddable":true,"href":"https:\/\/novasdodia.com.br\/index.php\/wp-json\/wp\/v2\/categories?post=42910"},{"taxonomy":"post_tag","embeddable":true,"href":"https:\/\/novasdodia.com.br\/index.php\/wp-json\/wp\/v2\/tags?post=42910"}],"curies":[{"name":"wp","href":"https:\/\/api.w.org\/{rel}","templated":true}]}}