{"id":42912,"date":"2025-09-22T14:29:12","date_gmt":"2025-09-22T17:29:12","guid":{"rendered":"https:\/\/novasdodia.com.br\/index.php\/2025\/09\/22\/os-bastidores-da-transformacao-da-gcm-em-seus-35-anos-cgnoticias\/"},"modified":"2025-09-22T14:29:12","modified_gmt":"2025-09-22T17:29:12","slug":"os-bastidores-da-transformacao-da-gcm-em-seus-35-anos-cgnoticias","status":"publish","type":"post","link":"https:\/\/novasdodia.com.br\/index.php\/2025\/09\/22\/os-bastidores-da-transformacao-da-gcm-em-seus-35-anos-cgnoticias\/","title":{"rendered":"os bastidores da transforma\u00e7\u00e3o da GCM em seus 35 anos \u2013 CGNot\u00edcias"},"content":{"rendered":"<p><\/p>\n<div>\n<p>Na Regi\u00e3o Urbana do Bandeira, um grupo de guardas encara uma das etapas mais desafiadoras de sua forma\u00e7\u00e3o: resistir ao desgaste f\u00edsico e psicol\u00f3gico imposto pelos testes aqu\u00e1ticos dentro da Lagoa Itatiaia. Entre eles, est\u00e3o os 12 servidores que se tornariam os primeiros a integrar o Grupamento Especializado de Motopatrulhamento (GEMOP), unidade t\u00e1tica sobre duas rodas da Guarda Civil Metropolitana (GCM).<\/p>\n<p>A disciplina \u00e9 r\u00edgida: a m\u00e9dia m\u00ednima para aprova\u00e7\u00e3o \u00e9 7, numa escala de 0 a 10. Quem n\u00e3o alcan\u00e7a esse patamar \u00e9 desligado. \u201cS\u00f3 permanece quem realmente tem perfil para atuar nesse tipo de servi\u00e7o. As etapas iniciais s\u00e3o desafiadoras, exigem resist\u00eancia, disciplina e foco absoluto\u201d, conta o inspetor Viana, gerente de ensino da GCM.<\/p>\n<figure class=\"wp-block-image size-full\"><\/figure>\n<p>Essa \u00e9 apenas uma cena de um processo que simboliza a nova fase da Guarda Civil Metropolitana, que completa 35 anos em 2025. A institui\u00e7\u00e3o vive seu maior momento de moderniza\u00e7\u00e3o, com investimentos em viaturas, equipamentos, tecnologia e, sobretudo, na forma\u00e7\u00e3o dos seus profissionais.<\/p>\n<p>No passado, a realidade era outra. \u201cNossa Guarda s\u00f3 recebia doa\u00e7\u00f5es de outras for\u00e7as de seguran\u00e7a. Hoje, est\u00e1 equipada, valorizada e pronta para atender a popula\u00e7\u00e3o\u201d, lembra a prefeita Adriane Lopes.<\/p>\n<p>Esse passo hist\u00f3rico \u00e9 vis\u00edvel n\u00e3o apenas nas ruas da Capital, onde circulam novas viaturas com identidade visual renovada, mas principalmente na postura dos agentes. \u201cAntes, servidores atuavam sem preparo adequado, o que colocava em risco at\u00e9 mesmo sua pr\u00f3pria integridade. Hoje, temos profissionais capacitados, atualizados e preparados para atender desde manifesta\u00e7\u00f5es at\u00e9 situa\u00e7\u00f5es emergenciais\u201d, afirma o secret\u00e1rio Especial de Seguran\u00e7a e Defesa Social, Anderson Gonzaga.<\/p>\n<p>Para vestir a farda da GCM, o caminho \u00e9 longo. S\u00e3o cerca de 900 horas de capacita\u00e7\u00e3o ao longo de cinco a seis meses. Durante esse per\u00edodo, os futuros guardas passam por treinamentos intensos com institui\u00e7\u00f5es como a OAB-MS, o Minist\u00e9rio P\u00fablico, a Pol\u00edcia Civil e a Pol\u00edcia Federal.<\/p>\n<figure class=\"wp-block-image size-full\"><\/figure>\n<p>As disciplinas v\u00e3o al\u00e9m do uso da for\u00e7a: envolvem direitos humanos, media\u00e7\u00e3o de conflitos, t\u00e9cnicas de abordagem e atendimento ao p\u00fablico. Antes de chegar \u00e0 sala de aula, o candidato encara exames toxicol\u00f3gicos, avalia\u00e7\u00f5es psicol\u00f3gicas e investiga\u00e7\u00e3o social criteriosa. E mesmo depois de formados, os guardas seguem em constante atualiza\u00e7\u00e3o, em cursos que os preparam para os novos desafios da cidade.<\/p>\n<p>Essa aposta na forma\u00e7\u00e3o rendeu resultados concretos. A Patrulha Maria da Penha, criada para proteger mulheres v\u00edtimas de viol\u00eancia dom\u00e9stica, foi reconhecida em Bras\u00edlia com o 3\u00ba lugar no Pr\u00eamio Ju\u00edza Viviane Vieira do Amaral, concedido pelo Conselho Nacional de Justi\u00e7a. O m\u00e9rito veio justamente pelo atendimento humanizado, \u00e1gil e eficaz, reflexo direto da especializa\u00e7\u00e3o dos inspetores.<\/p>\n<figure class=\"wp-block-image size-large\"><\/figure>\n<p>Hoje, a GCM re\u00fane 1.280 servidores que, al\u00e9m da patrulha preventiva, mant\u00eam um v\u00ednculo pr\u00f3ximo da comunidade. Est\u00e3o nas escolas, nas pra\u00e7as, nos grandes eventos e tamb\u00e9m nos momentos de maior vulnerabilidade. Muitas vezes, s\u00e3o os primeiros a chegar quando algu\u00e9m precisa de ajuda.<\/p>\n<p>Esse elo se fortalece em opera\u00e7\u00f5es como a Campo Grande Mais Segura, que percorre as sete regi\u00f5es urbanas com a Base M\u00f3vel, um \u00f4nibus operacional, al\u00e9m de viaturas, motocicletas e equipes especializadas. Entre elas, a Patrulha Ambiental, a equipe de Tr\u00e2nsito e a pr\u00f3pria Patrulha Maria da Penha.<\/p>\n<figure class=\"wp-block-image size-full\"><\/figure>\n<p>O 35\u00ba anivers\u00e1rio da GCM n\u00e3o marca apenas a maturidade da institui\u00e7\u00e3o, mas tamb\u00e9m o in\u00edcio de um novo ciclo. S\u00e3o R$ 6,7 milh\u00f5es em investimentos que incluem viaturas, armamentos, fardamento, coletes bal\u00edsticos e sistemas digitais como o SICOP, in\u00e9dito no Brasil, e o Sinesp CAD 3.0, que modernizam a gest\u00e3o de ocorr\u00eancias e integram Campo Grande \u00e0s plataformas nacionais de seguran\u00e7a p\u00fablica.<\/p>\n<figure class=\"wp-block-image size-full\"><\/figure>\n<p>A cada formatura, a cada curso conclu\u00eddo, a cidade ganha inspetores mais t\u00e9cnicos, mais \u00e1geis e mais pr\u00f3ximos da popula\u00e7\u00e3o. \u201cModernizar \u00e9 importante. Mas valorizar os profissionais, dar a eles conhecimento e condi\u00e7\u00f5es de atuar, \u00e9 o que realmente transforma a seguran\u00e7a da cidade\u201d, conclui a prefeita Adriane Lopes.<\/p>\n<p><em>#ParaTodosVerem<\/em><\/p>\n<p>A reportagem cont\u00e9m seis fotos: a de capa, s\u00e3o com agentes em momento de formatura; a segunda \u00e9 do grupo inspetores em momento de teste na Lagoa Itatiaia; a terceira s\u00e3o agentes e momento de capacita\u00e7\u00e3o te\u00f3rica; a quarta imagem \u00e9 da equipe da Maria da Penha; a quinta imagem \u00e9 de uma viatura da GCM em ronda no entorno de uma unidade escolar e a sexta \u00e9 da prefeita Adriane Lopes, juntamente com o secret\u00e1rio da Sesdes, Anderson Gonzaga em momento de entrega de certificados com os agentes. <\/p>\n<\/div>\n<p><script async defer async defer src=\"https:\/\/connect.facebook.net\/en_US\/sdk.js?ver=1#xfbml=1&amp;version=v3.2\" id=\"prefeitura-campogrande-script-facebook-sdk-js\"><\/script><\/p>\n","protected":false},"excerpt":{"rendered":"<p>Na Regi\u00e3o Urbana do Bandeira, um grupo de guardas encara uma das etapas mais desafiadoras de sua forma\u00e7\u00e3o: resistir ao desgaste f\u00edsico e psicol\u00f3gico imposto pelos testes aqu\u00e1ticos dentro da Lagoa Itatiaia. Entre eles, est\u00e3o os 12 servidores que se tornariam os primeiros a integrar o Grupamento Especializado de Motopatrulhamento (GEMOP), unidade t\u00e1tica sobre duas [&hellip;]<\/p>\n","protected":false},"author":1,"featured_media":0,"comment_status":"","ping_status":"","sticky":false,"template":"","format":"standard","meta":{"footnotes":""},"categories":[],"tags":[],"class_list":["post-42912","post","type-post","status-publish","format-standard","hentry"],"amp_enabled":true,"_links":{"self":[{"href":"https:\/\/novasdodia.com.br\/index.php\/wp-json\/wp\/v2\/posts\/42912","targetHints":{"allow":["GET"]}}],"collection":[{"href":"https:\/\/novasdodia.com.br\/index.php\/wp-json\/wp\/v2\/posts"}],"about":[{"href":"https:\/\/novasdodia.com.br\/index.php\/wp-json\/wp\/v2\/types\/post"}],"author":[{"embeddable":true,"href":"https:\/\/novasdodia.com.br\/index.php\/wp-json\/wp\/v2\/users\/1"}],"replies":[{"embeddable":true,"href":"https:\/\/novasdodia.com.br\/index.php\/wp-json\/wp\/v2\/comments?post=42912"}],"version-history":[{"count":0,"href":"https:\/\/novasdodia.com.br\/index.php\/wp-json\/wp\/v2\/posts\/42912\/revisions"}],"wp:attachment":[{"href":"https:\/\/novasdodia.com.br\/index.php\/wp-json\/wp\/v2\/media?parent=42912"}],"wp:term":[{"taxonomy":"category","embeddable":true,"href":"https:\/\/novasdodia.com.br\/index.php\/wp-json\/wp\/v2\/categories?post=42912"},{"taxonomy":"post_tag","embeddable":true,"href":"https:\/\/novasdodia.com.br\/index.php\/wp-json\/wp\/v2\/tags?post=42912"}],"curies":[{"name":"wp","href":"https:\/\/api.w.org\/{rel}","templated":true}]}}