{"id":42913,"date":"2025-09-22T15:19:06","date_gmt":"2025-09-22T18:19:06","guid":{"rendered":"https:\/\/novasdodia.com.br\/index.php\/2025\/09\/22\/agencia-minas-gerais-escolas-estaduais-de-minas-gerais-inovam-na-preparacao-dos-estudantes-para-o-saeb-2025\/"},"modified":"2025-09-22T15:19:06","modified_gmt":"2025-09-22T18:19:06","slug":"agencia-minas-gerais-escolas-estaduais-de-minas-gerais-inovam-na-preparacao-dos-estudantes-para-o-saeb-2025","status":"publish","type":"post","link":"https:\/\/novasdodia.com.br\/index.php\/2025\/09\/22\/agencia-minas-gerais-escolas-estaduais-de-minas-gerais-inovam-na-preparacao-dos-estudantes-para-o-saeb-2025\/","title":{"rendered":"Ag\u00eancia Minas Gerais | Escolas estaduais de Minas Gerais inovam na prepara\u00e7\u00e3o dos estudantes para o Saeb 2025"},"content":{"rendered":"<p><\/p>\n<div>\n<p>Com a aproxima\u00e7\u00e3o\u00a0da aplica\u00e7\u00e3o do Sistema de Avalia\u00e7\u00e3o da Educa\u00e7\u00e3o B\u00e1sica (Saeb), escolas da rede estadual de ensino de Minas Gerais intensificam os trabalhos de prepara\u00e7\u00e3o dos estudantes. Mais do que revisar conte\u00fados, algumas unidades t\u00eam apostado em estrat\u00e9gias criativas e diferenciadas para engajar os alunos e fortalecer a aprendizagem.<\/p>\n<p>O Saeb \u00e9 um dos principais instrumentos de diagn\u00f3stico da educa\u00e7\u00e3o no pa\u00eds. Ele avalia a qualidade do ensino nas redes p\u00fablicas e privadas, e os\u00a0resultados comp\u00f5em o \u00cdndice de Desenvolvimento da Educa\u00e7\u00e3o B\u00e1sica (Ideb), orientando pol\u00edticas p\u00fablicas voltadas para a aprendizagem e a equidade. A aplica\u00e7\u00e3o ser\u00e1 realizada em todo o territ\u00f3rio nacional, entre os dias 20 e 31\/10.<\/p>\n<p>O secret\u00e1rio de Estado de Educa\u00e7\u00e3o (SEE-MG), Rossieli Soares, refor\u00e7a que o\u00a0Saeb \u00e9 uma oportunidade de enxergar, com clareza, os avan\u00e7os e os desafios da nossa rede.<\/p>\n<p>\u00a0<\/p>\n<table align=\"center\" border=\"0\" cellpadding=\"1\" cellspacing=\"1\" style=\"width: 100%;\">&#13;<\/p>\n<tbody>&#13;<\/p>\n<tr>&#13;<\/p>\n<td colspan=\"5\" style=\"text-align: center; vertical-align: middle;\">&#13;<\/p>\n<p style=\"text-align:center\">\n<p>&#13;\n\t\t\t<\/td>\n<p>&#13;<br \/>\n\t\t<\/tr>\n<p>&#13;<\/p>\n<tr>&#13;<\/p>\n<td style=\"text-align: center; vertical-align: middle;\">\u00a0<\/td>\n<p>&#13;<\/p>\n<td colspan=\"3\" rowspan=\"3\" style=\"text-align: center; vertical-align: middle;\">&#13;<br \/>\n\t\t\t&#13;\n\t\t\t<\/td>\n<p>&#13;<\/p>\n<td style=\"text-align: center; vertical-align: middle;\">\u00a0<\/td>\n<p>&#13;<br \/>\n\t\t<\/tr>\n<p>&#13;<\/p>\n<tr>&#13;<\/p>\n<td style=\"text-align: center; vertical-align: middle;\">\u00a0<\/td>\n<p>&#13;<\/p>\n<td style=\"text-align: center; vertical-align: middle;\">\u00a0<\/td>\n<p>&#13;<br \/>\n\t\t<\/tr>\n<p>&#13;<\/p>\n<tr>&#13;<\/p>\n<td style=\"text-align: center; vertical-align: middle;\">\u00a0<\/td>\n<p>&#13;<\/p>\n<td style=\"text-align: center; vertical-align: middle;\">\u00a0<\/td>\n<p>&#13;<br \/>\n\t\t<\/tr>\n<p>&#13;<\/p>\n<tr>&#13;<\/p>\n<td colspan=\"5\" style=\"text-align: center; vertical-align: middle;\">&#13;<\/p>\n<p style=\"text-align:center\">\n<p>&#13;\n\t\t\t<\/td>\n<p>&#13;<br \/>\n\t\t<\/tr>\n<p>&#13;<br \/>\n\t<\/tbody>\n<p>&#13;<br \/>\n<\/table>\n<p><strong>Dia com foco na prepara\u00e7\u00e3o<\/strong><\/p>\n<p>\u00a0<\/p>\n<figure class=\"image\" style=\"float:left\">&#13;<figcaption><em><sub>Bingo de g\u00eaneros textuais vira estrat\u00e9gia para engajamento em Ipanema.\u00a0<br \/>&#13;<br \/>\nSEE-MG \/ Divulga\u00e7\u00e3o\u00a0<\/sub><\/em><\/figcaption>&#13;<br \/>\n<\/figure>\n<p>Na Escola Estadual Coronel Calhau, em Ipanema, a mobiliza\u00e7\u00e3o para o Saeb ganhou for\u00e7a com a realiza\u00e7\u00e3o de um dia com foco na prepara\u00e7\u00e3o dos estudantes. A programa\u00e7\u00e3o reuniu diversas atividades para revisar conte\u00fados, fortalecer habilidades e tornar o aprendizado mais din\u00e2mico e participativo.<\/p>\n<p>Os estudantes participaram de um simulado orientado e\u00a0elaborado com base nos descritores j\u00e1 trabalhados no Caderno MG: Aprendizagens em Movimento. Tamb\u00e9m houve uma gincana com quest\u00f5es de avalia\u00e7\u00f5es anteriores do Saeb e o sorteio de brindes escolhidos pelos pr\u00f3prios alunos.<\/p>\n<p>Para tornar o momento mais envolvente, a equipe escolar promoveu um bingo de g\u00eaneros textuais, que relacionou de forma l\u00fadica os conte\u00fados do material did\u00e1tico com situa\u00e7\u00f5es de estudo e pr\u00e1tica. A proposta ajudou os estudantes a compreender melhor os comandos das quest\u00f5es e a se sentirem mais confiantes diante da avalia\u00e7\u00e3o.<\/p>\n<p>\u201cTem sido algo muito proveitoso para mim. As professoras t\u00eam ensinado t\u00e9cnicas para facilitar nossa aprendizagem. Com as aulas e o Caderno Saeb, consigo de fato alcan\u00e7ar meus objetivos e compreender a import\u00e2ncia desse preparat\u00f3rio para a avalia\u00e7\u00e3o\u201d, destaca a estudante Elisa Camargos, de 17 anos.<\/p>\n<p><strong>Trilha do Saber<\/strong><\/p>\n<p>A Escola Estadual Maria Zeli Diniz Fonseca, em Nova Serrana, tamb\u00e9m se destaca pela forma criativa e consistente de preparar seus alunos. Desde o in\u00edcio do ano letivo, a equipe pedag\u00f3gica planejou a\u00e7\u00f5es que unissem revis\u00e3o de conte\u00fados e est\u00edmulo \u00e0 participa\u00e7\u00e3o, criando um ambiente de compromisso e, ao mesmo tempo, de valoriza\u00e7\u00e3o do esfor\u00e7o dos estudantes.<\/p>\n<p>Entre as iniciativas est\u00e1 o game \u201cTrilha do Saber\u201d, no qual os alunos acumulam pontos de acordo com a frequ\u00eancia \u00e0s aulas e o progresso na consolida\u00e7\u00e3o das habilidades. A proposta transforma a rotina de estudos em uma competi\u00e7\u00e3o saud\u00e1vel, que aumenta o interesse e favorece a aprendizagem.<\/p>\n<p>Outra estrat\u00e9gia de sucesso \u00e9 a \u201cSexta do Saeb\u201d, em que, semanalmente, os estudantes recebem um lanche especial como forma de reconhecimento pelo empenho e pela assiduidade. Todos os professores, de diferentes componentes curriculares, est\u00e3o engajados na prepara\u00e7\u00e3o por meio da atividade \u201cAdote uma Habilidade\u201d, que integra o estudo no componente do professor \u00e0 habilidade complementar da matriz de refer\u00eancia do Saeb para L\u00edngua Portuguesa e Matem\u00e1tica.<\/p>\n<p>O\u00a0conjunto de a\u00e7\u00f5es tem criado uma cultura de coopera\u00e7\u00e3o e compromisso, em que os alunos se sentem apoiados e reconhecidos no processo de aprendizagem.<\/p>\n<p>\u00a0<\/p>\n<\/p><\/div>\n","protected":false},"excerpt":{"rendered":"<p>Com a aproxima\u00e7\u00e3o\u00a0da aplica\u00e7\u00e3o do Sistema de Avalia\u00e7\u00e3o da Educa\u00e7\u00e3o B\u00e1sica (Saeb), escolas da rede estadual de ensino de Minas Gerais intensificam os trabalhos de prepara\u00e7\u00e3o dos estudantes. Mais do que revisar conte\u00fados, algumas unidades t\u00eam apostado em estrat\u00e9gias criativas e diferenciadas para engajar os alunos e fortalecer a aprendizagem. O Saeb \u00e9 um dos [&hellip;]<\/p>\n","protected":false},"author":1,"featured_media":0,"comment_status":"","ping_status":"","sticky":false,"template":"","format":"standard","meta":{"footnotes":""},"categories":[1],"tags":[],"class_list":["post-42913","post","type-post","status-publish","format-standard","hentry","category-noticias"],"amp_enabled":true,"_links":{"self":[{"href":"https:\/\/novasdodia.com.br\/index.php\/wp-json\/wp\/v2\/posts\/42913","targetHints":{"allow":["GET"]}}],"collection":[{"href":"https:\/\/novasdodia.com.br\/index.php\/wp-json\/wp\/v2\/posts"}],"about":[{"href":"https:\/\/novasdodia.com.br\/index.php\/wp-json\/wp\/v2\/types\/post"}],"author":[{"embeddable":true,"href":"https:\/\/novasdodia.com.br\/index.php\/wp-json\/wp\/v2\/users\/1"}],"replies":[{"embeddable":true,"href":"https:\/\/novasdodia.com.br\/index.php\/wp-json\/wp\/v2\/comments?post=42913"}],"version-history":[{"count":0,"href":"https:\/\/novasdodia.com.br\/index.php\/wp-json\/wp\/v2\/posts\/42913\/revisions"}],"wp:attachment":[{"href":"https:\/\/novasdodia.com.br\/index.php\/wp-json\/wp\/v2\/media?parent=42913"}],"wp:term":[{"taxonomy":"category","embeddable":true,"href":"https:\/\/novasdodia.com.br\/index.php\/wp-json\/wp\/v2\/categories?post=42913"},{"taxonomy":"post_tag","embeddable":true,"href":"https:\/\/novasdodia.com.br\/index.php\/wp-json\/wp\/v2\/tags?post=42913"}],"curies":[{"name":"wp","href":"https:\/\/api.w.org\/{rel}","templated":true}]}}