{"id":42995,"date":"2025-09-24T10:58:03","date_gmt":"2025-09-24T13:58:03","guid":{"rendered":"https:\/\/novasdodia.com.br\/index.php\/2025\/09\/24\/prefeitura-realiza-reuniao-publica-sobre-politica-municipal-de-arborizacao-urbana-cgnoticias\/"},"modified":"2025-09-24T10:58:03","modified_gmt":"2025-09-24T13:58:03","slug":"prefeitura-realiza-reuniao-publica-sobre-politica-municipal-de-arborizacao-urbana-cgnoticias","status":"publish","type":"post","link":"https:\/\/novasdodia.com.br\/index.php\/2025\/09\/24\/prefeitura-realiza-reuniao-publica-sobre-politica-municipal-de-arborizacao-urbana-cgnoticias\/","title":{"rendered":"Prefeitura realiza reuni\u00e3o p\u00fablica sobre Pol\u00edtica Municipal de Arboriza\u00e7\u00e3o Urbana \u2013 CGNot\u00edcias"},"content":{"rendered":"<p><\/p>\n<div>\n<p>A Prefeitura de Campo Grande, por meio da Ag\u00eancia Municipal de Meio Ambiente e Planejamento Urbano (Planurb), conforme Edital 85\/2025 publicado em Diogrande de n. 8.069 dessa quarta-feira (24), informa \u00e0 popula\u00e7\u00e3o os procedimentos da Reuni\u00e3o P\u00fablica que vai apresentar e discutir a minuta do Projeto de Lei Complementar que institui a Pol\u00edtica Municipal de Arboriza\u00e7\u00e3o Urbana. A reuni\u00e3o acontece na sede da Planurb no dia 08 de outubro. <\/p>\n<p>A mesa ser\u00e1 conduzida pelo Diretora-Presidente da Planurb, Berenice Jacob e pelo Secret\u00e1rio Municipal de Meio Ambiente, Gest\u00e3o Urbana e Desenvolvimento Econ\u00f4mico, Tur\u00edstico e Sustent\u00e1vel (Semades), Ademar Silva J\u00fanior com apoio de representantes do Comit\u00ea de Meio Ambiente (COMEA) e se necess\u00e1rio, do Conselho Municipal de Meio Ambiente (CMMA).<\/p>\n<p>Haver\u00e1 uma apresenta\u00e7\u00e3o t\u00e9cnica inicial sobre o tema, seguida de espa\u00e7o para manifesta\u00e7\u00f5es orais da comunidade. Os interessados em falar dever\u00e3o se inscrever no intervalo da reuni\u00e3o. Cada participante ter\u00e1 at\u00e9 2 minutos para se manifestar. O tempo total das discuss\u00f5es ser\u00e1 de at\u00e9 30 minutos, podendo ser prorrogado pelo presidente da mesa. Todas as manifesta\u00e7\u00f5es e documentos apresentados ser\u00e3o registrados em ata. Durante a reuni\u00e3o, ser\u00e1 entregue um material explicativo com o objetivo, justificativa e procedimentos do encontro.<\/p>\n<p>A participa\u00e7\u00e3o da comunidade \u00e9 fundamental para construir, de forma democr\u00e1tica e transparente, a Pol\u00edtica Municipal de Arboriza\u00e7\u00e3o Urbana de Campo Grande.<\/p>\n<p><strong>Servi\u00e7o<\/strong><\/p>\n<p>Reuni\u00e3o P\u00fablica sobre a Pol\u00edtica Municipal de Arboriza\u00e7\u00e3o Urbana<br \/>Data: 8 de outubro de 2025<br \/>Hor\u00e1rio:\u00a018h<br \/>Local: Planurb \u2013 Avenida Cal\u00f3geras, 356 \u2013 Gl\u00f3ria \u2013 entrada pela Rua Dr. M\u00e1rio Corr\u00eaa<br \/>Documentos da reuni\u00e3o: www.campogrande.ms.gov.br\/planurb<\/p>\n<p>Transmiss\u00e3o ao vivo:\u00a0www.youtube.com\/@educacaoambientalplanurbcg9987<\/p>\n<p><em>#ParaTodosVerem<\/em><\/p>\n<p>A foto de capa \u00e9 um entroncamento s\u00e3o vias de Campo Grande com um ip\u00ea branco florido.<\/p>\n<\/div>\n<p><script async defer async defer src=\"https:\/\/connect.facebook.net\/en_US\/sdk.js?ver=1#xfbml=1&amp;version=v3.2\" id=\"prefeitura-campogrande-script-facebook-sdk-js\"><\/script><\/p>\n","protected":false},"excerpt":{"rendered":"<p>A Prefeitura de Campo Grande, por meio da Ag\u00eancia Municipal de Meio Ambiente e Planejamento Urbano (Planurb), conforme Edital 85\/2025 publicado em Diogrande de n. 8.069 dessa quarta-feira (24), informa \u00e0 popula\u00e7\u00e3o os procedimentos da Reuni\u00e3o P\u00fablica que vai apresentar e discutir a minuta do Projeto de Lei Complementar que institui a Pol\u00edtica Municipal de [&hellip;]<\/p>\n","protected":false},"author":1,"featured_media":0,"comment_status":"","ping_status":"","sticky":false,"template":"","format":"standard","meta":{"footnotes":""},"categories":[],"tags":[],"class_list":["post-42995","post","type-post","status-publish","format-standard","hentry"],"amp_enabled":true,"_links":{"self":[{"href":"https:\/\/novasdodia.com.br\/index.php\/wp-json\/wp\/v2\/posts\/42995","targetHints":{"allow":["GET"]}}],"collection":[{"href":"https:\/\/novasdodia.com.br\/index.php\/wp-json\/wp\/v2\/posts"}],"about":[{"href":"https:\/\/novasdodia.com.br\/index.php\/wp-json\/wp\/v2\/types\/post"}],"author":[{"embeddable":true,"href":"https:\/\/novasdodia.com.br\/index.php\/wp-json\/wp\/v2\/users\/1"}],"replies":[{"embeddable":true,"href":"https:\/\/novasdodia.com.br\/index.php\/wp-json\/wp\/v2\/comments?post=42995"}],"version-history":[{"count":0,"href":"https:\/\/novasdodia.com.br\/index.php\/wp-json\/wp\/v2\/posts\/42995\/revisions"}],"wp:attachment":[{"href":"https:\/\/novasdodia.com.br\/index.php\/wp-json\/wp\/v2\/media?parent=42995"}],"wp:term":[{"taxonomy":"category","embeddable":true,"href":"https:\/\/novasdodia.com.br\/index.php\/wp-json\/wp\/v2\/categories?post=42995"},{"taxonomy":"post_tag","embeddable":true,"href":"https:\/\/novasdodia.com.br\/index.php\/wp-json\/wp\/v2\/tags?post=42995"}],"curies":[{"name":"wp","href":"https:\/\/api.w.org\/{rel}","templated":true}]}}