{"id":43516,"date":"2025-10-06T10:06:42","date_gmt":"2025-10-06T13:06:42","guid":{"rendered":"https:\/\/novasdodia.com.br\/index.php\/2025\/10\/06\/santa-emilia-recebe-obra-historica-que-vai-transformar-a-rotina-do-bairro-cgnoticias\/"},"modified":"2025-10-06T10:06:42","modified_gmt":"2025-10-06T13:06:42","slug":"santa-emilia-recebe-obra-historica-que-vai-transformar-a-rotina-do-bairro-cgnoticias","status":"publish","type":"post","link":"https:\/\/novasdodia.com.br\/index.php\/2025\/10\/06\/santa-emilia-recebe-obra-historica-que-vai-transformar-a-rotina-do-bairro-cgnoticias\/","title":{"rendered":"Santa Em\u00edlia recebe obra hist\u00f3rica que vai transformar a rotina do bairro \u2013 CGNot\u00edcias"},"content":{"rendered":"<p><\/p>\n<div>\n<p>Com um investimento hist\u00f3rico de mais de R$ 10 milh\u00f5es, a Prefeitura de Campo Grande iniciou a constru\u00e7\u00e3o do complexo esportivo do Santa Em\u00edlia, um marco para a regi\u00e3o que vai transformar a vida de quase 25 mil moradores. Muito al\u00e9m do lazer, a obra simboliza desenvolvimento social, valoriza\u00e7\u00e3o do bairro e mais qualidade de vida para toda a comunidade.<\/p>\n<p>O projeto contempla a constru\u00e7\u00e3o de duas quadras cobertas, pista de skate, academia ao ar livre, pista de caminhada, espa\u00e7o recreativo, parquinho infantil com piso emborrachado e um novo campo de futebol a poucas quadras da \u00e1rea principal.<\/p>\n<figure class=\"wp-block-image size-large\"><\/figure>\n<p>A mudan\u00e7a j\u00e1 \u00e9 percebida pelo aposentado Ant\u00f4nio Bispo da Silva, 74 anos, que vive h\u00e1 quase tr\u00eas d\u00e9cadas no bairro. Da frente de sua casa, ele acompanha com entusiasmo o avan\u00e7o das obras.<\/p>\n<p>\u201cMoro aqui desde 1999, quando vim de S\u00e3o Paulo para c\u00e1. E desde ent\u00e3o, aqui nunca teve nada. Agora acredito que vai melhorar muito. Antes, esse terreno era um problema, a prefeitura limpava e o povo jogava lixo, agora, tudo vai mudar. Porque abriu e est\u00e1 vindo melhorias. Est\u00e1 tudo em movimento\u201d, comemora.<\/p>\n<figure class=\"wp-block-image size-large\"><\/figure>\n<p>Enquanto aguardava o transporte coletivo, a moradora Teresinha da Silva Rodrigues, de 73 anos, que vive h\u00e1 duas d\u00e9cadas no bairro, observava curiosa a movimenta\u00e7\u00e3o dos oper\u00e1rios ap\u00f3s a conclus\u00e3o da terraplanagem. Para ela, o espa\u00e7o representa uma nova fase. \u201cAqui n\u00e3o temos um espa\u00e7o de lazer. Ent\u00e3o, isso que est\u00e1 chegando \u00e9 uma coisa boa, antes esse local era abandonado, s\u00f3 tinha mato e lixo, agora vai proporcionar o encontro de pessoas. Ent\u00e3o, vai ficar \u00f3timo\u201d.<\/p>\n<p>J\u00e1 Oswaldo Koch, 65 anos, contou que passava pelo bairro quando percebeu a movimenta\u00e7\u00e3o e decidiu conferir de perto o que estava acontecendo. \u201cEsse espa\u00e7o era usado para descarte de lixo, tinha sof\u00e1, restos de poda de \u00e1rvore. Ent\u00e3o, quando vi essa movimenta\u00e7\u00e3o me chamou aten\u00e7\u00e3o e decidi parar para conversar com a equipe. Uma obra como essa vai trazer mais melhorias e seguran\u00e7a para o nosso bairro, al\u00e9m de promover lazer para toda a comunidade\u201d.<\/p>\n<figure class=\"wp-block-image size-large\"><\/figure>\n<hr class=\"wp-block-separator has-alpha-channel-opacity\"\/>\n<p>A prefeita Adriane Lopes refor\u00e7a que os mais de R$ 10 milh\u00f5es investidos em infraestrutura v\u00e3o mudar a realidade do Santa Em\u00edlia e de toda a regi\u00e3o. Ela destacou ainda o compromisso de entregar a obra at\u00e9 dezembro deste ano.<\/p>\n<p>\u201cUma obra que vai trazer espa\u00e7os de lazer, pr\u00e1ticas de esportes, pista de caminhada, quadras cobertas para a pr\u00e1tica do futebol e outros esportes. A obra segue avan\u00e7ando. \u00c9 trabalho s\u00e9rio, com responsabilidade. Esse complexo esportivo vai mudar a vida de muitos moradores aqui da regi\u00e3o e principalmente das crian\u00e7as e dos jovens, porque o esporte transforma, o esporte muda as vidas, o esporte tira as pessoas da ociosidade e esse complexo vai marcar a hist\u00f3ria do Santa Em\u00edlia\u201d, ressalta.<\/p>\n<figure class=\"wp-block-image size-large\"><\/figure>\n<p>Para o presidente do bairro, J\u00falio C\u00e9sar Vera Gon\u00e7alves, que h\u00e1 17 anos acompanha de perto as demandas da comunidade, o momento \u00e9 hist\u00f3rico. \u201cO Santa Em\u00edlia existe h\u00e1 mais de 50 anos e nunca recebeu um investimento assim. N\u00e3o \u00e9 s\u00f3 uma pra\u00e7a, \u00e9 um grande complexo que vai mudar o cen\u00e1rio da regi\u00e3o e valorizar ainda mais o bairro\u201d.<\/p>\n<figure class=\"wp-block-image size-large\"><\/figure>\n<p>Para o respons\u00e1vel administrativo da empresa, Edivaldo Jos\u00e9 de Castro Rodrigues, a obra \u00e9 um divisor de \u00e1guas para o bairro. \u201cUma obra desse tamanho acaba mudando a realidade de quem mora no entorno. Os moradores s\u00f3 t\u00eam a comemorar, porque al\u00e9m da valoriza\u00e7\u00e3o para o pr\u00f3prio im\u00f3vel, ter\u00e3o uma bel\u00edssima estrutura em frente de casa. Aqui o projeto contempla duas quadras cobertas, pista de skate, pista de caminhada, playground para as crian\u00e7as, academia ao ar livre e, pr\u00f3ximo daqui, um campo de futebol gramado e iluminado que j\u00e1 est\u00e1 em obras\u201d.<\/p>\n<figure class=\"wp-block-image size-large\"><\/figure>\n<h3 class=\"wp-block-heading\"><strong>Investimento em mobilidade e qualidade de vida<\/strong><\/h3>\n<p>O acesso a novas vias estruturantes \u00e9 outro avan\u00e7o que vai transformar a mobilidade e facilitar o dia a dia dos moradores da regi\u00e3o. Entre as obras em andamento, est\u00e1 o alargamento da Avenida General Alberto Carlos Mendon\u00e7a, que vai garantir mais fluidez no tr\u00e1fego, al\u00e9m de seguran\u00e7a para ciclistas e pedestres. A via tamb\u00e9m vai ampliar a liga\u00e7\u00e3o com importantes corredores de transporte, como os do Nova Campo Grande, que j\u00e1 levaram pavimenta\u00e7\u00e3o, drenagem e ciclovias para os bairros Lagoa e Imbirussu.<\/p>\n<figure class=\"wp-block-image size-large\"><\/figure>\n<p>O Santa Em\u00edlia tamb\u00e9m ser\u00e1 beneficiado com uma nova ciclovia na mesma avenida, que far\u00e1 conex\u00e3o com a Rota Ciclovi\u00e1ria da Avenida Wilson Paes de Barros. Com 11 km de extens\u00e3o e 9 km j\u00e1 conclu\u00eddos, a rota vai integrar os bairros S\u00e3o Conrado e Santa Em\u00edlia ao Polo Empresarial, conectando a regi\u00e3o \u00e0s principais vias da cidade e incentivando o transporte sustent\u00e1vel.<\/p>\n<figure class=\"wp-block-image size-large\"><\/figure>\n<p>Al\u00e9m das melhorias em mobilidade, a regi\u00e3o recebeu recentemente a EMEI S\u00e3o Conrado, inaugurada em agosto durante as festividades do Anivers\u00e1rio de Campo Grande. Com investimento de R$ 2.152.145,06, a unidade tem capacidade para atender 250 crian\u00e7as, refor\u00e7ando o compromisso da prefeitura com a educa\u00e7\u00e3o e com o futuro da cidade.<\/p>\n<p><em>#ParaTodosVerem: Imagem de capa mostra um oper\u00e1rio trabalhando nas obras do complexo esportivo do Santa Em\u00edlia. A primeira imagem apresenta o projeto do complexo, mostrando como o local ficar\u00e1 ap\u00f3s a conclus\u00e3o. A segunda imagem mostra um morador contente observando a transforma\u00e7\u00e3o ocorrendo em frente \u00e0 sua casa. A terceira imagem registra outro morador que percebeu a movimenta\u00e7\u00e3o e foi conversar com a equipe da obra. A quarta imagem mostra a prefeita Adriane Lopes analisando o projeto e conversando com os respons\u00e1veis pela obra. A quinta imagem registra o l\u00edder do bairro visitando o local das obras. A sexta imagem apresenta o projeto ilustrativo da pista de skate, mostrando como ela ficar\u00e1 ap\u00f3s a conclus\u00e3o. A s\u00e9tima imagem mostra as obras em execu\u00e7\u00e3o no complexo esportivo. A oitava imagem mostra a finaliza\u00e7\u00e3o da obra do meio-fio na \u00e1rea da constru\u00e7\u00e3o.<\/em><\/p>\n<\/div>\n<p><script async defer async defer src=\"https:\/\/connect.facebook.net\/en_US\/sdk.js?ver=1#xfbml=1&amp;version=v3.2\" id=\"prefeitura-campogrande-script-facebook-sdk-js\"><\/script><\/p>\n","protected":false},"excerpt":{"rendered":"<p>Com um investimento hist\u00f3rico de mais de R$ 10 milh\u00f5es, a Prefeitura de Campo Grande iniciou a constru\u00e7\u00e3o do complexo esportivo do Santa Em\u00edlia, um marco para a regi\u00e3o que vai transformar a vida de quase 25 mil moradores. Muito al\u00e9m do lazer, a obra simboliza desenvolvimento social, valoriza\u00e7\u00e3o do bairro e mais qualidade de [&hellip;]<\/p>\n","protected":false},"author":1,"featured_media":0,"comment_status":"","ping_status":"","sticky":false,"template":"","format":"standard","meta":{"footnotes":""},"categories":[],"tags":[],"class_list":["post-43516","post","type-post","status-publish","format-standard","hentry"],"amp_enabled":true,"_links":{"self":[{"href":"https:\/\/novasdodia.com.br\/index.php\/wp-json\/wp\/v2\/posts\/43516","targetHints":{"allow":["GET"]}}],"collection":[{"href":"https:\/\/novasdodia.com.br\/index.php\/wp-json\/wp\/v2\/posts"}],"about":[{"href":"https:\/\/novasdodia.com.br\/index.php\/wp-json\/wp\/v2\/types\/post"}],"author":[{"embeddable":true,"href":"https:\/\/novasdodia.com.br\/index.php\/wp-json\/wp\/v2\/users\/1"}],"replies":[{"embeddable":true,"href":"https:\/\/novasdodia.com.br\/index.php\/wp-json\/wp\/v2\/comments?post=43516"}],"version-history":[{"count":0,"href":"https:\/\/novasdodia.com.br\/index.php\/wp-json\/wp\/v2\/posts\/43516\/revisions"}],"wp:attachment":[{"href":"https:\/\/novasdodia.com.br\/index.php\/wp-json\/wp\/v2\/media?parent=43516"}],"wp:term":[{"taxonomy":"category","embeddable":true,"href":"https:\/\/novasdodia.com.br\/index.php\/wp-json\/wp\/v2\/categories?post=43516"},{"taxonomy":"post_tag","embeddable":true,"href":"https:\/\/novasdodia.com.br\/index.php\/wp-json\/wp\/v2\/tags?post=43516"}],"curies":[{"name":"wp","href":"https:\/\/api.w.org\/{rel}","templated":true}]}}