{"id":43675,"date":"2025-10-09T14:17:43","date_gmt":"2025-10-09T17:17:43","guid":{"rendered":"https:\/\/novasdodia.com.br\/index.php\/2025\/10\/09\/novos-radares-comecam-a-ser-instalados-nas-vias-de-campo-grande-cgnoticias\/"},"modified":"2025-10-09T14:17:43","modified_gmt":"2025-10-09T17:17:43","slug":"novos-radares-comecam-a-ser-instalados-nas-vias-de-campo-grande-cgnoticias","status":"publish","type":"post","link":"https:\/\/novasdodia.com.br\/index.php\/2025\/10\/09\/novos-radares-comecam-a-ser-instalados-nas-vias-de-campo-grande-cgnoticias\/","title":{"rendered":"Novos radares come\u00e7am a ser instalados nas vias de Campo Grande \u2013 CGNot\u00edcias"},"content":{"rendered":"<p><\/p>\n<div>\n<p>A Ag\u00eancia Municipal de Transporte e Tr\u00e2nsito (Agetran) informa que j\u00e1 est\u00e1 em andamento a substitui\u00e7\u00e3o dos antigos radares de Campo Grande por novos equipamentos, mais modernos e eficientes. A empresa respons\u00e1vel j\u00e1 iniciou a retirada dos dispositivos antigos, e a previs\u00e3o \u00e9 que todos os novos radares estejam instalados e funcionando em at\u00e9 30 dias.<\/p>\n<p>Esses novos equipamentos trar\u00e3o melhorias importantes na fiscaliza\u00e7\u00e3o de tr\u00e2nsito, como maior precis\u00e3o na identifica\u00e7\u00e3o de infra\u00e7\u00f5es e mais efici\u00eancia no controle de velocidade, o que contribuir\u00e1 para um tr\u00e2nsito mais seguro.<\/p>\n<p>Ap\u00f3s a instala\u00e7\u00e3o, haver\u00e1 um per\u00edodo educativo de 15 dias, com faixas e placas de sinaliza\u00e7\u00e3o nos locais monitorados. Essa fase tem como objetivo alertar motoristas e motociclistas, ajudando na adapta\u00e7\u00e3o ao novo sistema de monitoramento.<\/p>\n<p>A Agetran refor\u00e7a que a principal miss\u00e3o da Ag\u00eancia \u00e9 garantir mais seguran\u00e7a nas vias urbanas, reduzir acidentes e promover o respeito \u00e0s leis de tr\u00e2nsito. O uso da tecnologia \u00e9 um dos caminhos adotados para melhorar a mobilidade urbana e preservar vidas.<\/p>\n<p>#<em>ParaTodosVerem A imagem de capa mostra um dos novos radares j\u00e1 instalados.<\/em><\/p>\n<\/div>\n<p><script async defer async defer src=\"https:\/\/connect.facebook.net\/en_US\/sdk.js?ver=1#xfbml=1&amp;version=v3.2\" id=\"prefeitura-campogrande-script-facebook-sdk-js\"><\/script><\/p>\n","protected":false},"excerpt":{"rendered":"<p>A Ag\u00eancia Municipal de Transporte e Tr\u00e2nsito (Agetran) informa que j\u00e1 est\u00e1 em andamento a substitui\u00e7\u00e3o dos antigos radares de Campo Grande por novos equipamentos, mais modernos e eficientes. A empresa respons\u00e1vel j\u00e1 iniciou a retirada dos dispositivos antigos, e a previs\u00e3o \u00e9 que todos os novos radares estejam instalados e funcionando em at\u00e9 30 [&hellip;]<\/p>\n","protected":false},"author":1,"featured_media":0,"comment_status":"","ping_status":"","sticky":false,"template":"","format":"standard","meta":{"footnotes":""},"categories":[],"tags":[],"class_list":["post-43675","post","type-post","status-publish","format-standard","hentry"],"amp_enabled":true,"_links":{"self":[{"href":"https:\/\/novasdodia.com.br\/index.php\/wp-json\/wp\/v2\/posts\/43675","targetHints":{"allow":["GET"]}}],"collection":[{"href":"https:\/\/novasdodia.com.br\/index.php\/wp-json\/wp\/v2\/posts"}],"about":[{"href":"https:\/\/novasdodia.com.br\/index.php\/wp-json\/wp\/v2\/types\/post"}],"author":[{"embeddable":true,"href":"https:\/\/novasdodia.com.br\/index.php\/wp-json\/wp\/v2\/users\/1"}],"replies":[{"embeddable":true,"href":"https:\/\/novasdodia.com.br\/index.php\/wp-json\/wp\/v2\/comments?post=43675"}],"version-history":[{"count":0,"href":"https:\/\/novasdodia.com.br\/index.php\/wp-json\/wp\/v2\/posts\/43675\/revisions"}],"wp:attachment":[{"href":"https:\/\/novasdodia.com.br\/index.php\/wp-json\/wp\/v2\/media?parent=43675"}],"wp:term":[{"taxonomy":"category","embeddable":true,"href":"https:\/\/novasdodia.com.br\/index.php\/wp-json\/wp\/v2\/categories?post=43675"},{"taxonomy":"post_tag","embeddable":true,"href":"https:\/\/novasdodia.com.br\/index.php\/wp-json\/wp\/v2\/tags?post=43675"}],"curies":[{"name":"wp","href":"https:\/\/api.w.org\/{rel}","templated":true}]}}