{"id":43720,"date":"2025-10-10T11:32:03","date_gmt":"2025-10-10T14:32:03","guid":{"rendered":"https:\/\/novasdodia.com.br\/index.php\/2025\/10\/10\/fundacao-de-cultura-oferta-no-centro-cultural-jose-octavio-guizzo-oficina-de-video-com-celular\/"},"modified":"2025-10-10T11:32:03","modified_gmt":"2025-10-10T14:32:03","slug":"fundacao-de-cultura-oferta-no-centro-cultural-jose-octavio-guizzo-oficina-de-video-com-celular","status":"publish","type":"post","link":"https:\/\/novasdodia.com.br\/index.php\/2025\/10\/10\/fundacao-de-cultura-oferta-no-centro-cultural-jose-octavio-guizzo-oficina-de-video-com-celular\/","title":{"rendered":"Funda\u00e7\u00e3o de Cultura oferta no Centro Cultural Jos\u00e9 Oct\u00e1vio Guizzo oficina de \u2018V\u00eddeo com Celular\u2019"},"content":{"rendered":"<p><\/p>\n<div id=\"post-523880\">\n<div class=\"text-center\"><\/div>\n<div class=\"entry\">\n<p style=\"font-weight: 400;\">O Centro Cultural Jos\u00e9 Oct\u00e1vio Guizzo, unidade da Funda\u00e7\u00e3o de Cultura de Mato Grosso do Sul, (FCMS), oferece gratuitamente a &#8220;Oficina de V\u00eddeo com Celular e IA&#8221; que faz parte do Curso de Fotografia do Museu da Imagem e do Som de MS. O curso acontece nos dias 11, 18 e 25 de outubro de 2025, das 14h \u00e0s 17h.<\/p>\n<p style=\"font-weight: 400;\">A atividade apresenta ferramentas voltadas para a cria\u00e7\u00e3o e edi\u00e7\u00e3o de v\u00eddeos em n\u00edvel introdut\u00f3rio. A proposta da a\u00e7\u00e3o \u00e9 adaptar os conte\u00fados de cria\u00e7\u00e3o de v\u00eddeos para o celular com aux\u00edlio de Intelig\u00eancia Artificial (smartphone e tablets &#8211; dispositivos m\u00f3veis ou &#8220;mobile&#8221;).<\/p>\n<p style=\"font-weight: 400;\">Ser\u00e3o abordados durante a atividade dois aspectos da cria\u00e7\u00e3o de v\u00eddeos: as ferramentas de cria\u00e7\u00e3o \u201canal\u00f3gicas\u201d: roteiro,\u00a0<em>story board<\/em>, conceito de \u201ccorte\u201d e tamb\u00e9m as ferramentas digitais: recursos de edi\u00e7\u00e3o e tend\u00eancias de cria\u00e7\u00e3o nos v\u00eddeos, como por exemplo, o B-roll e ferramentas de intelig\u00eancia artificial como o Flow do Google e o Fliki.AI.<\/p>\n<p style=\"font-weight: 400;\">No mundo inteiro a produ\u00e7\u00e3o digital de conte\u00fado parece estar \u201cmigrando\u201d para os dispositivos m\u00f3veis, h\u00e1 uma grande parte da produ\u00e7\u00e3o sendo feita usando apenas o celular. Existem ainda as ferramentas de Intelig\u00eancia Artificial que auxiliam na cria\u00e7\u00e3o de legendas autom\u00e1ticas, narra\u00e7\u00e3o, edi\u00e7\u00e3o do fundo.\u00a0<\/p>\n<p style=\"font-weight: 400;\">Enfim, ser\u00e1 experi\u00eancia voltada a iniciantes em fotografia e p\u00fablico em geral que gostariam de uma introdu\u00e7\u00e3o a produ\u00e7\u00e3o de v\u00eddeos que podem ajudar a promover o marketing de pequenos neg\u00f3cios ou pessoal. A atividade ser\u00e1 desenvolvida com conte\u00fados te\u00f3ricos e pr\u00e1ticos e \u00e9 gratuita. As inscri\u00e7\u00f5es s\u00e3o gratuitas e podem ser feitas em\u00a0\u00a0\u201c<span style=\"color: #0000ff;\">https:\/\/forms.gle\/hctFTkKehV1ZbeFD6<\/span>&#8221; a partir do dia 10 de outubro, \u00e0s 10h.<\/p>\n<p style=\"font-weight: 400;\"><strong>Servi\u00e7o:<\/strong><\/p>\n<ul>\n<li style=\"font-weight: 400;\">Oficina de V\u00eddeo com Celular e IA \u2013 Curso de Foto<\/li>\n<li style=\"font-weight: 400;\">Per\u00edodo: 11, 18 e 25 de outubro de 2025, das 14h \u00e0s 17h<\/li>\n<li style=\"font-weight: 400;\">Inscri\u00e7\u00f5es em: 10 de outubro, \u00e0s 10h<\/li>\n<li style=\"font-weight: 400;\">20 vagas.<\/li>\n<li style=\"font-weight: 400;\">Link para inscri\u00e7\u00e3o:\u00a0<span style=\"color: #0000ff;\">https:\/\/forms.gle\/hctFTkKehV1ZbeFD6<\/span><\/li>\n<li style=\"font-weight: 400;\">Local: Centro Cultural Jos\u00e9 Oct\u00e1vio Guizzo<\/li>\n<li style=\"font-weight: 400;\">Rua 26 de Agosto, 453 &#8211; Centro, Campo Grande &#8211; MS<\/li>\n<\/ul>\n<p><em>Comunica\u00e7\u00e3o Setesc<\/em><\/p>\n<\/div><\/div>\n","protected":false},"excerpt":{"rendered":"<p>O Centro Cultural Jos\u00e9 Oct\u00e1vio Guizzo, unidade da Funda\u00e7\u00e3o de Cultura de Mato Grosso do Sul, (FCMS), oferece gratuitamente a &#8220;Oficina de V\u00eddeo com Celular e IA&#8221; que faz parte do Curso de Fotografia do Museu da Imagem e do Som de MS. O curso acontece nos dias 11, 18 e 25 de outubro de [&hellip;]<\/p>\n","protected":false},"author":1,"featured_media":0,"comment_status":"","ping_status":"","sticky":false,"template":"","format":"standard","meta":{"footnotes":""},"categories":[],"tags":[],"class_list":["post-43720","post","type-post","status-publish","format-standard","hentry"],"amp_enabled":true,"_links":{"self":[{"href":"https:\/\/novasdodia.com.br\/index.php\/wp-json\/wp\/v2\/posts\/43720","targetHints":{"allow":["GET"]}}],"collection":[{"href":"https:\/\/novasdodia.com.br\/index.php\/wp-json\/wp\/v2\/posts"}],"about":[{"href":"https:\/\/novasdodia.com.br\/index.php\/wp-json\/wp\/v2\/types\/post"}],"author":[{"embeddable":true,"href":"https:\/\/novasdodia.com.br\/index.php\/wp-json\/wp\/v2\/users\/1"}],"replies":[{"embeddable":true,"href":"https:\/\/novasdodia.com.br\/index.php\/wp-json\/wp\/v2\/comments?post=43720"}],"version-history":[{"count":0,"href":"https:\/\/novasdodia.com.br\/index.php\/wp-json\/wp\/v2\/posts\/43720\/revisions"}],"wp:attachment":[{"href":"https:\/\/novasdodia.com.br\/index.php\/wp-json\/wp\/v2\/media?parent=43720"}],"wp:term":[{"taxonomy":"category","embeddable":true,"href":"https:\/\/novasdodia.com.br\/index.php\/wp-json\/wp\/v2\/categories?post=43720"},{"taxonomy":"post_tag","embeddable":true,"href":"https:\/\/novasdodia.com.br\/index.php\/wp-json\/wp\/v2\/tags?post=43720"}],"curies":[{"name":"wp","href":"https:\/\/api.w.org\/{rel}","templated":true}]}}