{"id":43739,"date":"2025-10-10T21:18:39","date_gmt":"2025-10-11T00:18:39","guid":{"rendered":"https:\/\/novasdodia.com.br\/index.php\/2025\/10\/10\/semed-realiza-o-3o-workshop-de-educacao-integral-para-intensificar-curriculo-e-praticas-pedagogicas-em-campo-grande-cgnoticias\/"},"modified":"2025-10-10T21:18:39","modified_gmt":"2025-10-11T00:18:39","slug":"semed-realiza-o-3o-workshop-de-educacao-integral-para-intensificar-curriculo-e-praticas-pedagogicas-em-campo-grande-cgnoticias","status":"publish","type":"post","link":"https:\/\/novasdodia.com.br\/index.php\/2025\/10\/10\/semed-realiza-o-3o-workshop-de-educacao-integral-para-intensificar-curriculo-e-praticas-pedagogicas-em-campo-grande-cgnoticias\/","title":{"rendered":"Semed realiza o 3\u00ba Workshop de Educa\u00e7\u00e3o Integral para intensificar curr\u00edculo e pr\u00e1ticas pedag\u00f3gicas em Campo Grande \u2013 CGNot\u00edcias"},"content":{"rendered":"<p><\/p>\n<div>\n<p>Com o objetivo de intensificar o curr\u00edculo e aprimorar as pr\u00e1ticas das Escolas Municipais em Tempo Integral, a Secretaria Municipal de Educa\u00e7\u00e3o (SEMED) promove nesta quinta-feira (10), na C\u00e2mara Municipal de Campo Grande, o 3\u00ba Workshop das Escolas em Tempo Integral (ETI). Reunindo diretores, equipes t\u00e9cnicas e professores das unidades urbanas de tempo integral, o evento tem como tema \u201cEduca\u00e7\u00e3o Integral em Tempo Integral: curr\u00edculo, pr\u00e1ticas e reflex\u00f5es\u201d.<\/p>\n<p>Mais do que um encontro t\u00e9cnico, o workshop \u00e9 um espa\u00e7o de troca, forma\u00e7\u00e3o continuada e reflex\u00e3o coletiva sobre o papel da escola no desenvolvimento pleno dos estudantes.<\/p>\n<p>Durante a abertura, o secret\u00e1rio municipal de Educa\u00e7\u00e3o, Lucas Henrique Bittencourt de Souza, refor\u00e7ou o compromisso da gest\u00e3o com a amplia\u00e7\u00e3o e qualifica\u00e7\u00e3o da jornada escolar. \u201cQuando se trata do desenvolvimento integral de uma crian\u00e7a, \u00e9 fundamental oferecer um ambiente que acolha esse processo de forma completa. Por isso, temos investido cada vez mais na consolida\u00e7\u00e3o do curr\u00edculo e nas pr\u00e1ticas pedag\u00f3gicas das escolas em tempo integral\u201d, destacou o secret\u00e1rio.<\/p>\n<p>Um dos destaques do evento foi a participa\u00e7\u00e3o, por videoconfer\u00eancia, da Professora Dr.\u00aa Jaqueline Moll, da Universidade Federal do Rio Grande do Sul (UFRGS), refer\u00eancia nacional em educa\u00e7\u00e3o integral.<\/p>\n<p>Durante sua palestra, ela defendeu a amplia\u00e7\u00e3o da jornada escolar como caminho para uma educa\u00e7\u00e3o p\u00fablica de qualidade: \u201cFalar de escola em tempo integral \u00e9 falar de ensino p\u00fablico com excel\u00eancia. Em muitos pa\u00edses que s\u00e3o refer\u00eancia em educa\u00e7\u00e3o, a carga hor\u00e1ria di\u00e1ria varia entre sete e oito horas. Esse \u00e9 o padr\u00e3o necess\u00e1rio para que a escola possa, de fato, cumprir seu papel com profundidade\u201d, afirmou a professora.<\/p>\n<p><strong>Caminho para o fortalecimento das ETIs<\/strong><\/p>\n<p>A programa\u00e7\u00e3o do \u00a0o 3\u00ba Workshop das ETIs representa um importante passo para o fortalecimento da identidade pedag\u00f3gica das escolas em tempo integral de Campo Grande. A iniciativa \u00e9 fruto da atua\u00e7\u00e3o conjunta da Superintend\u00eancia de Gest\u00e3o das Pol\u00edticas Educacionais e das diversas divis\u00f5es da SEMED.<\/p>\n<p><em>#ParaTodosVerem: imagem de capa mostra workshop na C\u00e2mara Municipal de Campo Grande<\/em><\/p>\n<\/div>\n<p><script async defer async defer src=\"https:\/\/connect.facebook.net\/en_US\/sdk.js?ver=1#xfbml=1&amp;version=v3.2\" id=\"prefeitura-campogrande-script-facebook-sdk-js\"><\/script><\/p>\n","protected":false},"excerpt":{"rendered":"<p>Com o objetivo de intensificar o curr\u00edculo e aprimorar as pr\u00e1ticas das Escolas Municipais em Tempo Integral, a Secretaria Municipal de Educa\u00e7\u00e3o (SEMED) promove nesta quinta-feira (10), na C\u00e2mara Municipal de Campo Grande, o 3\u00ba Workshop das Escolas em Tempo Integral (ETI). Reunindo diretores, equipes t\u00e9cnicas e professores das unidades urbanas de tempo integral, o [&hellip;]<\/p>\n","protected":false},"author":1,"featured_media":0,"comment_status":"","ping_status":"","sticky":false,"template":"","format":"standard","meta":{"footnotes":""},"categories":[],"tags":[],"class_list":["post-43739","post","type-post","status-publish","format-standard","hentry"],"amp_enabled":true,"_links":{"self":[{"href":"https:\/\/novasdodia.com.br\/index.php\/wp-json\/wp\/v2\/posts\/43739","targetHints":{"allow":["GET"]}}],"collection":[{"href":"https:\/\/novasdodia.com.br\/index.php\/wp-json\/wp\/v2\/posts"}],"about":[{"href":"https:\/\/novasdodia.com.br\/index.php\/wp-json\/wp\/v2\/types\/post"}],"author":[{"embeddable":true,"href":"https:\/\/novasdodia.com.br\/index.php\/wp-json\/wp\/v2\/users\/1"}],"replies":[{"embeddable":true,"href":"https:\/\/novasdodia.com.br\/index.php\/wp-json\/wp\/v2\/comments?post=43739"}],"version-history":[{"count":0,"href":"https:\/\/novasdodia.com.br\/index.php\/wp-json\/wp\/v2\/posts\/43739\/revisions"}],"wp:attachment":[{"href":"https:\/\/novasdodia.com.br\/index.php\/wp-json\/wp\/v2\/media?parent=43739"}],"wp:term":[{"taxonomy":"category","embeddable":true,"href":"https:\/\/novasdodia.com.br\/index.php\/wp-json\/wp\/v2\/categories?post=43739"},{"taxonomy":"post_tag","embeddable":true,"href":"https:\/\/novasdodia.com.br\/index.php\/wp-json\/wp\/v2\/tags?post=43739"}],"curies":[{"name":"wp","href":"https:\/\/api.w.org\/{rel}","templated":true}]}}