{"id":43755,"date":"2025-10-11T06:18:40","date_gmt":"2025-10-11T09:18:40","guid":{"rendered":"https:\/\/novasdodia.com.br\/index.php\/2025\/10\/11\/cet-rio-monta-esquemas-de-transito-para-shows-no-maracana-e-na-marina-da-gloria-prefeitura-da-cidade-do-rio-de-janeiro\/"},"modified":"2025-10-11T06:18:40","modified_gmt":"2025-10-11T09:18:40","slug":"cet-rio-monta-esquemas-de-transito-para-shows-no-maracana-e-na-marina-da-gloria-prefeitura-da-cidade-do-rio-de-janeiro","status":"publish","type":"post","link":"https:\/\/novasdodia.com.br\/index.php\/2025\/10\/11\/cet-rio-monta-esquemas-de-transito-para-shows-no-maracana-e-na-marina-da-gloria-prefeitura-da-cidade-do-rio-de-janeiro\/","title":{"rendered":"CET-Rio monta esquemas de tr\u00e2nsito para shows no Maracan\u00e3 e na Marina da Gl\u00f3ria &#8211; Prefeitura da Cidade do Rio de Janeiro"},"content":{"rendered":"<p><\/p>\n<div wp_automatic_readability=\"94.790425531915\">\n<div class=\"image-post\">\n                                       <\/div>\n<p>A CET-Rio realizar\u00e1 uma opera\u00e7\u00e3o especial de tr\u00e2nsito, neste s\u00e1bado (11\/10), para o show da banda Sorriso Maroto \u2013 Sorriso as Antigas, que ser\u00e1 realizado a partir das 18h no est\u00e1dio do Maracan\u00e3. A partir das 21h30, durante a sa\u00edda do p\u00fablico, haver\u00e1 interdi\u00e7\u00f5es ao tr\u00e2nsito de ve\u00edculos na regi\u00e3o.<\/p>\n<p>A opera\u00e7\u00e3o contar\u00e1 com agentes da CET-Rio e apoiadores de tr\u00e1fego, ve\u00edculos operacionais e motocicletas que estar\u00e3o empenhados na orienta\u00e7\u00e3o do tr\u00e2nsito. E, ainda, no refor\u00e7o das informa\u00e7\u00f5es do tr\u00e1fego, 13 pain\u00e9is de mensagens vari\u00e1veis informar\u00e3o sobre os hor\u00e1rios dos fechamentos e as rotas alternativas. Todo o conjunto \u00e9 em prol da seguran\u00e7a vi\u00e1ria, fluidez do tr\u00e2nsito, manuten\u00e7\u00e3o dos cruzamentos livres, como tamb\u00e9m na orienta\u00e7\u00e3o dos pedestres, torcedores e motoristas.<\/p>\n<p>T\u00e9cnicos da CET-Rio no Centro de Opera\u00e7\u00f5es e Resili\u00eancia (COR-Rio) v\u00e3o monitorar toda a movimenta\u00e7\u00e3o do tr\u00e2nsito por meio das c\u00e2meras para que, se necess\u00e1rio, sejam feitos ajustes na programa\u00e7\u00e3o semaf\u00f3rica com o objetivo de garantir as boas condi\u00e7\u00f5es vi\u00e1rias.<\/p>\n<p><strong>Interdi\u00e7\u00f5es<\/strong><\/p>\n<p><em>Das 21h30 \u00e0s 23h30<\/em><\/p>\n<p>\u2013 Rua Professor Eurico Rabelo<br \/>\u2013 Rua Artur Menezes<br \/>\u2013 Rua Conselheiro Oleg\u00e1rio<br \/>\u2013 Rua Isidro de Figueiredo<br \/>\u2013 Rua Visconde de Itamarati, entre a rua S\u00e3o Francisco Xavier e a avenida Professor Eurico Rabelo<br \/>\u2013 Avenida Rei Pel\u00e9, duas faixas no sentido Centro, entre a avenida Professor Manoel de Abreu at\u00e9 a altura do Museu do \u00cdndio<br \/>\u2013 Viaduto Oduvaldo Cozzi e seus acessos<br \/>\u2013 Avenida Maracan\u00e3, em ambos os sentidos, entre a rua S\u00e3o Francisco Xavier e a avenida Rei Pel\u00e9<br \/>\u2013 Avenida Professor Manoel de Abreu, sentido Centro, entre a rua S\u00e3o Francisco Xavier e a avenida Rei Pel\u00e9<br \/>\u2013 Rua Dona Zulmira, entre a avenida Professor Manoel de Abreu e a rua S\u00e3o Francisco Xavier<\/p>\n<p><strong>Rotas alternativas<\/strong><\/p>\n<p><em>Provenientes do Centro e Zona Sul<\/em><\/p>\n<p>\u2013 Para a Tijuca: Utilizar a avenida Paulo de Frontin e rua Dr. Satamini, ou seguir pela Pra\u00e7a da Bandeira, rua Par\u00e1 ou Rua Para\u00edba e, em seguida, rua Mariz e Barros<br \/>\u2013 Para Vila Isabel e Graja\u00fa: Utilizar a avenida Paulo de Frontin e rua Dr. Satamini, ou seguir pela Pra\u00e7a da Bandeira, rua Par\u00e1 ou rua Para\u00edba, rua Mariz e Barros e, em seguida, rua Major \u00c1vila e rua Felipe Camar\u00e3o<br \/>\u2013 Para a regi\u00e3o do Grande M\u00e9ier: Utilizar a rua Visconde de Niter\u00f3i<\/p>\n<p><em>Provenientes da Tijuca, Graja\u00fa, Vila Isabel e entorno<\/em><\/p>\n<p>\u2013 Para o Centro e Zona Sul: Utilizar a rua Conde de Bonfim e a rua Haddock Lobo<\/p>\n<p><em>Provenientes do Grande M\u00e9ier<\/em><\/p>\n<p>\u2013 Para o Centro e Zona Sul: Utilizar a rua Visconde de Niter\u00f3i<\/p>\n<p>\u00a0<\/p>\n<p><strong>SHOW NA MARINA DA GL\u00d3RIA<\/strong><\/p>\n<p>A CET-Rio, informa que neste s\u00e1bado (11\/10) e domingo (12\/10) ser\u00e1 implantado um planejamento de tr\u00e2nsito no Aterro do Flamengo, das 17h \u00e0s 3h dos dias seguintes, para a realiza\u00e7\u00e3o do evento Cl\u00e1ssicos do Brasil, na Marina da Gl\u00f3ria. Operadores de tr\u00e1fego estar\u00e3o empenhados para garantir a seguran\u00e7a vi\u00e1ria, a fluidez do tr\u00e2nsito e o acesso ao p\u00fablico na regi\u00e3o do Flamengo. T\u00e9cnicos da CET-Rio no Centro de Opera\u00e7\u00f5es e Resili\u00eancia (COR-Rio) v\u00e3o monitorar toda a movimenta\u00e7\u00e3o do tr\u00e2nsito por meio das c\u00e2meras para que, se necess\u00e1rio, sejam feitos ajustes na programa\u00e7\u00e3o semaf\u00f3rica com o objetivo de garantir as boas condi\u00e7\u00f5es do fluxo vi\u00e1rio.<\/p>\n<p><strong>Interdi\u00e7\u00e3o<\/strong><\/p>\n<p>As pistas do Aterro do Flamengo ser\u00e3o interditadas em ambos os sentidos, a partir da meia-noite de domingo (12\/10) em decorr\u00eancia de montagem de evento esportivo. A libera\u00e7\u00e3o ao tr\u00e1fego de ve\u00edculos ser\u00e1 \u00e0s 18h, fim do hor\u00e1rio da \u00e1rea de lazer. O embarque e desembarque de ve\u00edculos particulares, t\u00e1xis e de aplicativos ser\u00e1 realizado em frente \u00e0 Pra\u00e7a Lu\u00eds de Cam\u00f5es, na Praia do Flamengo.<\/p>\n<p><strong>Recomenda\u00e7\u00f5es importantes<\/strong><\/p>\n<p>\u2013 Utilize, preferencialmente, transporte p\u00fablico para chegar ao evento<br \/>\u2013 Pedestres devem fazer a travessia somente nos locais sinalizados e utilizar as passarelas para cruzar as pistas do Aterro do Flamengo<br \/>\u2013 \u00c9 fundamental a aten\u00e7\u00e3o \u00e0s orienta\u00e7\u00f5es dos agentes de tr\u00e2nsito e de toda a sinaliza\u00e7\u00e3o implantada na \u00e1rea<\/p>\n<p>             <!-- Compartilhe ---><\/p>\n<p>\t\t\t <!-- TAGS --><\/p>\n<section class=\"category-tags\">\n<div class=\"marcacao-category\">\n<article class=\"category-post\">\n<p>Categoria: <\/p>\n<\/article>\n<li>10 de outubro de 2025<\/li><\/div>\n<article class=\"tags\">\n\t\t\t\t\tMarca\u00e7\u00f5es: CET-Rio interdi\u00e7\u00f5es Maracan\u00e3 Marina da Gl\u00f3ria shows tr\u00e2nsito<br \/><\/article>\n<\/section>\n<p>            <!-- Mais Not&iacute;cias --><\/p>\n<p>\t\t<!-- Conte&uacute;do SIDEBAR --><\/p><\/div>\n","protected":false},"excerpt":{"rendered":"<p>A CET-Rio realizar\u00e1 uma opera\u00e7\u00e3o especial de tr\u00e2nsito, neste s\u00e1bado (11\/10), para o show da banda Sorriso Maroto \u2013 Sorriso as Antigas, que ser\u00e1 realizado a partir das 18h no est\u00e1dio do Maracan\u00e3. A partir das 21h30, durante a sa\u00edda do p\u00fablico, haver\u00e1 interdi\u00e7\u00f5es ao tr\u00e2nsito de ve\u00edculos na regi\u00e3o. A opera\u00e7\u00e3o contar\u00e1 com agentes [&hellip;]<\/p>\n","protected":false},"author":1,"featured_media":0,"comment_status":"","ping_status":"","sticky":false,"template":"","format":"standard","meta":{"footnotes":""},"categories":[1],"tags":[],"class_list":["post-43755","post","type-post","status-publish","format-standard","hentry","category-noticias"],"amp_enabled":true,"_links":{"self":[{"href":"https:\/\/novasdodia.com.br\/index.php\/wp-json\/wp\/v2\/posts\/43755","targetHints":{"allow":["GET"]}}],"collection":[{"href":"https:\/\/novasdodia.com.br\/index.php\/wp-json\/wp\/v2\/posts"}],"about":[{"href":"https:\/\/novasdodia.com.br\/index.php\/wp-json\/wp\/v2\/types\/post"}],"author":[{"embeddable":true,"href":"https:\/\/novasdodia.com.br\/index.php\/wp-json\/wp\/v2\/users\/1"}],"replies":[{"embeddable":true,"href":"https:\/\/novasdodia.com.br\/index.php\/wp-json\/wp\/v2\/comments?post=43755"}],"version-history":[{"count":0,"href":"https:\/\/novasdodia.com.br\/index.php\/wp-json\/wp\/v2\/posts\/43755\/revisions"}],"wp:attachment":[{"href":"https:\/\/novasdodia.com.br\/index.php\/wp-json\/wp\/v2\/media?parent=43755"}],"wp:term":[{"taxonomy":"category","embeddable":true,"href":"https:\/\/novasdodia.com.br\/index.php\/wp-json\/wp\/v2\/categories?post=43755"},{"taxonomy":"post_tag","embeddable":true,"href":"https:\/\/novasdodia.com.br\/index.php\/wp-json\/wp\/v2\/tags?post=43755"}],"curies":[{"name":"wp","href":"https:\/\/api.w.org\/{rel}","templated":true}]}}