{"id":44441,"date":"2025-10-28T10:18:59","date_gmt":"2025-10-28T13:18:59","guid":{"rendered":"https:\/\/novasdodia.com.br\/index.php\/2025\/10\/28\/galeria-de-fotos-inauguracao-do-parque-piedade-arlindo-cruz\/"},"modified":"2025-10-28T10:18:59","modified_gmt":"2025-10-28T13:18:59","slug":"galeria-de-fotos-inauguracao-do-parque-piedade-arlindo-cruz","status":"publish","type":"post","link":"https:\/\/novasdodia.com.br\/index.php\/2025\/10\/28\/galeria-de-fotos-inauguracao-do-parque-piedade-arlindo-cruz\/","title":{"rendered":"Galeria de fotos: inaugura\u00e7\u00e3o do Parque Piedade Arlindo Cruz"},"content":{"rendered":"<p><\/p>\n<p>O Parque Piedade Arlindo Cruz foi inaugurado pela Prefeitura do Rio no domingo (26\/10), na Zona Norte. Este \u00e9 um [&#8230;]<\/p>\n<p>O post Galeria de fotos: inaugura\u00e7\u00e3o do Parque Piedade Arlindo Cruz apareceu primeiro em Prefeitura da Cidade do Rio de Janeiro &#8211; prefeitura.rio.<\/p>\n","protected":false},"excerpt":{"rendered":"<p>O Parque Piedade Arlindo Cruz foi inaugurado pela Prefeitura do Rio no domingo (26\/10), na Zona Norte. Este \u00e9 um [&#8230;] O post Galeria de fotos: inaugura\u00e7\u00e3o do Parque Piedade Arlindo Cruz apareceu primeiro em Prefeitura da Cidade do Rio de Janeiro &#8211; prefeitura.rio.<\/p>\n","protected":false},"author":1,"featured_media":0,"comment_status":"","ping_status":"","sticky":false,"template":"","format":"standard","meta":{"footnotes":""},"categories":[1],"tags":[],"class_list":["post-44441","post","type-post","status-publish","format-standard","hentry","category-noticias"],"amp_enabled":true,"_links":{"self":[{"href":"https:\/\/novasdodia.com.br\/index.php\/wp-json\/wp\/v2\/posts\/44441","targetHints":{"allow":["GET"]}}],"collection":[{"href":"https:\/\/novasdodia.com.br\/index.php\/wp-json\/wp\/v2\/posts"}],"about":[{"href":"https:\/\/novasdodia.com.br\/index.php\/wp-json\/wp\/v2\/types\/post"}],"author":[{"embeddable":true,"href":"https:\/\/novasdodia.com.br\/index.php\/wp-json\/wp\/v2\/users\/1"}],"replies":[{"embeddable":true,"href":"https:\/\/novasdodia.com.br\/index.php\/wp-json\/wp\/v2\/comments?post=44441"}],"version-history":[{"count":0,"href":"https:\/\/novasdodia.com.br\/index.php\/wp-json\/wp\/v2\/posts\/44441\/revisions"}],"wp:attachment":[{"href":"https:\/\/novasdodia.com.br\/index.php\/wp-json\/wp\/v2\/media?parent=44441"}],"wp:term":[{"taxonomy":"category","embeddable":true,"href":"https:\/\/novasdodia.com.br\/index.php\/wp-json\/wp\/v2\/categories?post=44441"},{"taxonomy":"post_tag","embeddable":true,"href":"https:\/\/novasdodia.com.br\/index.php\/wp-json\/wp\/v2\/tags?post=44441"}],"curies":[{"name":"wp","href":"https:\/\/api.w.org\/{rel}","templated":true}]}}