{"id":44442,"date":"2025-10-28T10:45:58","date_gmt":"2025-10-28T13:45:58","guid":{"rendered":"https:\/\/novasdodia.com.br\/index.php\/2025\/10\/28\/dia-do-servidor-celebra-quem-faz-campo-grande-acontecer-com-dedicacao-e-cuidado-cgnoticias\/"},"modified":"2025-10-28T10:45:58","modified_gmt":"2025-10-28T13:45:58","slug":"dia-do-servidor-celebra-quem-faz-campo-grande-acontecer-com-dedicacao-e-cuidado-cgnoticias","status":"publish","type":"post","link":"https:\/\/novasdodia.com.br\/index.php\/2025\/10\/28\/dia-do-servidor-celebra-quem-faz-campo-grande-acontecer-com-dedicacao-e-cuidado-cgnoticias\/","title":{"rendered":"Dia do Servidor celebra quem faz Campo Grande acontecer com dedica\u00e7\u00e3o e cuidado \u2013 CGNot\u00edcias"},"content":{"rendered":"<p><\/p>\n<div>\n<p>Nesta ter\u00e7a-feira (28), Campo Grande celebra o Dia do Servidor P\u00fablico, uma data para reconhecer e agradecer a quem faz a cidade acontecer todos os dias. Por tr\u00e1s de cada servi\u00e7o oferecido \u00e0 popula\u00e7\u00e3o, h\u00e1 servidoras e servidores que se dedicam com carinho, compromisso e senso de prop\u00f3sito. S\u00e3o 32.972 servidores municipais que, em diferentes \u00e1reas, contribuem para que Campo Grande funcione, cres\u00e7a e se torne um lugar melhor para viver.<\/p>\n<p>Entre esses servidores est\u00e1 Suzana Klas Guerra, psic\u00f3loga na Secretaria Executiva da Mulher, que atua na Prefeitura h\u00e1 8 anos. Para ela, cada atendimento \u00e9 uma oportunidade de transforma\u00e7\u00e3o. \u201cTenho muito orgulho de fazer parte dessa hist\u00f3ria. Ajudo as mulheres a se qualificarem e conquistarem sua independ\u00eancia\u201d, conta.<\/p>\n<p>O trabalho de Suzana vai muito al\u00e9m de atender demandas ou preencher formul\u00e1rios: \u00e9 acompanhar hist\u00f3rias de vida, apoiar mulheres em momentos de dificuldade e celebrar cada pequena vit\u00f3ria que representa uma transforma\u00e7\u00e3o real. \u00c9 nesse contato di\u00e1rio que ela percebe o verdadeiro impacto de sua fun\u00e7\u00e3o, quando dedica\u00e7\u00e3o e cuidado humano se traduzem em mudan\u00e7as concretas na vida de algu\u00e9m.<\/p>\n<p>\u201cO maior impacto \u00e9 perceber que isso mudou a vida de algu\u00e9m. Algu\u00e9m conseguiu sair do ciclo da viol\u00eancia, fazer um curso, conseguir uma coloca\u00e7\u00e3o no mercado de trabalho. Essa pessoa se sente mais valorizada, eleva a autoestima. \u00c9 algo que transforma\u201d, ressalta Suzana.<\/p>\n<figure class=\"wp-block-image size-large\"><\/figure>\n<p>Ela lembra de uma hist\u00f3ria que a marcou profundamente: \u201cAtendi uma mulher que estava no ciclo da viol\u00eancia. Acompanhei seu progresso e, com o tempo, ela conseguiu comprar um carro, passou em um concurso, conquistou a independ\u00eancia. O apoio psicol\u00f3gico e a motiva\u00e7\u00e3o que ela recebeu naquele momento fizeram toda a diferen\u00e7a.\u201d<\/p>\n<p>Para ela, o papel do servidor p\u00fablico \u00e9 construir essa mudan\u00e7a todos os dias. \u201cEstamos aqui para atender a popula\u00e7\u00e3o e precisamos dar o nosso melhor, para que nosso trabalho seja de excel\u00eancia e refer\u00eancia positiva para a sociedade\u201d, conclui.<\/p>\n<figure class=\"wp-block-image size-large\"><\/figure>\n<p>Na Escola Municipal Consulesa Margarida Matsud Trad, a secret\u00e1ria Vanuza Elias Rosa \u00e9 outro exemplo de dedica\u00e7\u00e3o. H\u00e1 18 anos na unidade, ela garante o bom funcionamento da escola e o acolhimento das fam\u00edlias. \u201cEstar atr\u00e1s de um balc\u00e3o de atendimento vai al\u00e9m de orientar ou resolver demandas. \u00c9 sobre ter empatia com as pessoas, dar um atendimento eficaz, como n\u00f3s mesmos gostar\u00edamos de ser atendidos\u201d, afirma.<\/p>\n<p>Vanuza conta que cuidar da escola \u00e9 mais do que uma fun\u00e7\u00e3o: \u00e9 parte da vida. \u201cGosto muito de zelar pela escola, pelo trabalho desenvolvido com os alunos e, junto \u00e0 minha equipe, somos respons\u00e1veis por toda a documenta\u00e7\u00e3o, o corpo docente e o setor administrativo.\u201d<\/p>\n<p>J\u00e1 nas ruas, o guarda civil metropolitano Elison atua h\u00e1 16 anos para proteger a popula\u00e7\u00e3o com compromisso e zelo. \u201c\u00c9 uma satisfa\u00e7\u00e3o fazer parte da seguran\u00e7a p\u00fablica de Campo Grande e contribuir com a Capital de Mato Grosso do Su\u201d, diz.<\/p>\n<figure class=\"wp-block-image size-large\"><\/figure>\n<p>No Servi\u00e7o Especializado em Abordagem Social (SEAS), Eduardo Vaz Oliveira ressalta a import\u00e2ncia do olhar humano no atendimento a pessoas em situa\u00e7\u00e3o de rua. \u201cEssa popula\u00e7\u00e3o exige cuidado e sensibilidade. \u00c9 assim que as pol\u00edticas p\u00fablicas realmente acontecem\u201d, explica, dedicando-se a essa miss\u00e3o h\u00e1 tr\u00eas anos.<\/p>\n<p>De cada secretaria \u00e0s ruas da cidade, o trabalho dos servidores \u00e9 o que faz a m\u00e1quina p\u00fablica funcionar. Com dedica\u00e7\u00e3o, empatia e amor por Campo Grande, eles transformam vidas e constroem uma cidade melhor. Neste Dia do Servidor, a homenagem \u00e9 para todos que, com esfor\u00e7o e cora\u00e7\u00e3o, fazem Campo Grande acontecer.<\/p>\n<p><em>#ParaTodosVerem: foto de capa mostra a servidora Suzana durante um atendimento na Secretaria Executiva da Mulher, assim como a 1\u00aa foto que mostra a servidora na frente do local; j\u00e1 a 2\u00aa foto a servidora Vanuza est\u00e1 recebendo uma m\u00e3e na secretaria da escola onde trabalha; na 3\u00aa foto, o servidor Eduardo conversa com uma pessoa em situa\u00e7\u00e3o de rua<\/em><\/p>\n<\/div>\n<p><script async defer async defer src=\"https:\/\/connect.facebook.net\/en_US\/sdk.js?ver=1#xfbml=1&amp;version=v3.2\" id=\"prefeitura-campogrande-script-facebook-sdk-js\"><\/script><\/p>\n","protected":false},"excerpt":{"rendered":"<p>Nesta ter\u00e7a-feira (28), Campo Grande celebra o Dia do Servidor P\u00fablico, uma data para reconhecer e agradecer a quem faz a cidade acontecer todos os dias. Por tr\u00e1s de cada servi\u00e7o oferecido \u00e0 popula\u00e7\u00e3o, h\u00e1 servidoras e servidores que se dedicam com carinho, compromisso e senso de prop\u00f3sito. S\u00e3o 32.972 servidores municipais que, em diferentes [&hellip;]<\/p>\n","protected":false},"author":1,"featured_media":0,"comment_status":"","ping_status":"","sticky":false,"template":"","format":"standard","meta":{"footnotes":""},"categories":[],"tags":[],"class_list":["post-44442","post","type-post","status-publish","format-standard","hentry"],"amp_enabled":true,"_links":{"self":[{"href":"https:\/\/novasdodia.com.br\/index.php\/wp-json\/wp\/v2\/posts\/44442","targetHints":{"allow":["GET"]}}],"collection":[{"href":"https:\/\/novasdodia.com.br\/index.php\/wp-json\/wp\/v2\/posts"}],"about":[{"href":"https:\/\/novasdodia.com.br\/index.php\/wp-json\/wp\/v2\/types\/post"}],"author":[{"embeddable":true,"href":"https:\/\/novasdodia.com.br\/index.php\/wp-json\/wp\/v2\/users\/1"}],"replies":[{"embeddable":true,"href":"https:\/\/novasdodia.com.br\/index.php\/wp-json\/wp\/v2\/comments?post=44442"}],"version-history":[{"count":0,"href":"https:\/\/novasdodia.com.br\/index.php\/wp-json\/wp\/v2\/posts\/44442\/revisions"}],"wp:attachment":[{"href":"https:\/\/novasdodia.com.br\/index.php\/wp-json\/wp\/v2\/media?parent=44442"}],"wp:term":[{"taxonomy":"category","embeddable":true,"href":"https:\/\/novasdodia.com.br\/index.php\/wp-json\/wp\/v2\/categories?post=44442"},{"taxonomy":"post_tag","embeddable":true,"href":"https:\/\/novasdodia.com.br\/index.php\/wp-json\/wp\/v2\/tags?post=44442"}],"curies":[{"name":"wp","href":"https:\/\/api.w.org\/{rel}","templated":true}]}}