{"id":44467,"date":"2025-10-28T20:34:49","date_gmt":"2025-10-28T23:34:49","guid":{"rendered":"https:\/\/novasdodia.com.br\/index.php\/2025\/10\/28\/ministerio-da-justica-reconhece-gcm-de-campo-grande-referencia-para-novos-investimentos-cgnoticias\/"},"modified":"2025-10-28T20:34:49","modified_gmt":"2025-10-28T23:34:49","slug":"ministerio-da-justica-reconhece-gcm-de-campo-grande-referencia-para-novos-investimentos-cgnoticias","status":"publish","type":"post","link":"https:\/\/novasdodia.com.br\/index.php\/2025\/10\/28\/ministerio-da-justica-reconhece-gcm-de-campo-grande-referencia-para-novos-investimentos-cgnoticias\/","title":{"rendered":"Minist\u00e9rio da Justi\u00e7a reconhece GCM de Campo Grande refer\u00eancia para novos investimentos \u2013 CGNot\u00edcias"},"content":{"rendered":"<p><\/p>\n<div>\n<p>A Guarda Civil Metropolitana (GCM) de Campo Grande foi reconhecida pelo Minist\u00e9rio da Justi\u00e7a e Seguran\u00e7a P\u00fablica como uma das institui\u00e7\u00f5es mais estruturadas e preparadas do pa\u00eds. O resultado faz parte do Diagn\u00f3stico Nacional das Guardas Municipais, divulgado em outubro, que avaliou crit\u00e9rios como estrutura, efetivo, capacita\u00e7\u00e3o e atua\u00e7\u00e3o das corpora\u00e7\u00f5es. A GCM campo-grandense est\u00e1 entre as que alcan\u00e7aram 100% de conformidade nos indicadores analisados.<\/p>\n<p>Entre as 1.238 institui\u00e7\u00f5es mapeadas, 678 participaram da pesquisa conduzida pela Universidade Federal de Vi\u00e7osa (UFV) em parceria com a Secretaria Nacional de Seguran\u00e7a P\u00fablica (Senasp) e o Programa das Na\u00e7\u00f5es Unidas para o Desenvolvimento (PNUD). O estudo destaca a GCM de Campo Grande como 100% apta em todos os crit\u00e9rios avaliados pelo Minist\u00e9rio da Justi\u00e7a, refor\u00e7ando o n\u00edvel de excel\u00eancia da corpora\u00e7\u00e3o no cen\u00e1rio nacional.<\/p>\n<figure class=\"wp-block-image size-large\"><\/figure>\n<p>A prefeita Adriane Lopes afirmou que o reconhecimento \u00e9 resultado de uma gest\u00e3o que prioriza a seguran\u00e7a p\u00fablica e a valoriza\u00e7\u00e3o dos profissionais. \u201cTemos a seguran\u00e7a p\u00fablica como prioridade da gest\u00e3o. A exist\u00eancia de um regulamento disciplinar adequado, um plano de cargos e carreiras e um c\u00f3digo de conduta consolidam a nossa Guarda como refer\u00eancia nacional. Esse reconhecimento sintetiza o trabalho s\u00e9rio e a dedica\u00e7\u00e3o de todos que fazem parte da corpora\u00e7\u00e3o\u201d, destacou.<\/p>\n<figure class=\"wp-block-image size-full\"><\/figure>\n<p>O secret\u00e1rio especial de Seguran\u00e7a e Defesa Social, Anderson Gonzaga, tamb\u00e9m comemorou o resultado. \u201cN\u00f3s aparecemos com 100% de aptid\u00e3o em todas as exig\u00eancias do Minist\u00e9rio da Justi\u00e7a. Isso mostra que estamos \u00e0 frente, prontos para concorrer a projetos e verbas federais. \u00c9 um ponto ganho para Campo Grande\u201d, afirmou.<\/p>\n<p>De acordo com a Secretaria Especial de Seguran\u00e7a e Defesa Social (Sesdes), a GCM cumpre todos os requisitos e normativos atualizados conforme as diretrizes dos programas e editais de chamamento p\u00fablico do Governo Federal. Em edi\u00e7\u00f5es anteriores, a corpora\u00e7\u00e3o j\u00e1 figurou entre as dez primeiras colocadas em programas do MJSP.<\/p>\n<figure class=\"wp-block-image size-full\"><\/figure>\n<p>O relat\u00f3rio integra as a\u00e7\u00f5es do Programa Munic\u00edpio Mais Seguro, lan\u00e7ado pelo ministro Ricardo Lewandowski, que destinar\u00e1 R$ 171 milh\u00f5es para fortalecer a seguran\u00e7a nos munic\u00edpios, com investimentos em preven\u00e7\u00e3o \u00e0 viol\u00eancia, capacita\u00e7\u00e3o e tecnologias integradas.<\/p>\n<p>O diagn\u00f3stico ainda aponta que os n\u00edveis mais elevados de institucionaliza\u00e7\u00e3o das Guardas Municipais est\u00e3o concentrados na regi\u00e3o Centro-Sul, com destaque para Mato Grosso do Sul, seguido de S\u00e3o Paulo e Mato Grosso.<\/p>\n<p>Campo Grande tamb\u00e9m se diferencia por manter lei de cria\u00e7\u00e3o, c\u00f3digo de conduta e ingresso via concurso p\u00fablico \u2014 crit\u00e9rios que refor\u00e7am o car\u00e1ter t\u00e9cnico e profissional da institui\u00e7\u00e3o. A gest\u00e3o municipal destaca, ainda, a ades\u00e3o da corpora\u00e7\u00e3o a programas como Brasil Mais Seguro, Sinesp CAD 3.0, Alerta Brasil, TransfereGov e \u00e0 Carteira Digital Nacional da Seguran\u00e7a P\u00fablica, que fortalecem a moderniza\u00e7\u00e3o e integra\u00e7\u00e3o da GCM.<\/p>\n<p><em>#ParaTodosVerem<\/em><\/p>\n<p>A mat\u00e9ria tem quatro fotos: a de capa \u00e9 da GCM em momento de apresenta\u00e7\u00e3o p\u00fablica do pelot\u00e3o; a segunda \u00e9 momento de forma\u00e7\u00e3o dos agentes; a terceira \u00e9 de entrega de certificado com a prefeita Adriane Lopes e o secret\u00e1rio-especial de Seguran\u00e7a e Defesa Social, Anderson Gonzaga; e a quarta e \u00faltima \u00e9 dos agentes em momento de treinamento na Lagoa Itatiaia. <\/p>\n<\/div>\n<p><script async defer async defer src=\"https:\/\/connect.facebook.net\/en_US\/sdk.js?ver=1#xfbml=1&amp;version=v3.2\" id=\"prefeitura-campogrande-script-facebook-sdk-js\"><\/script><\/p>\n","protected":false},"excerpt":{"rendered":"<p>A Guarda Civil Metropolitana (GCM) de Campo Grande foi reconhecida pelo Minist\u00e9rio da Justi\u00e7a e Seguran\u00e7a P\u00fablica como uma das institui\u00e7\u00f5es mais estruturadas e preparadas do pa\u00eds. O resultado faz parte do Diagn\u00f3stico Nacional das Guardas Municipais, divulgado em outubro, que avaliou crit\u00e9rios como estrutura, efetivo, capacita\u00e7\u00e3o e atua\u00e7\u00e3o das corpora\u00e7\u00f5es. A GCM campo-grandense est\u00e1 [&hellip;]<\/p>\n","protected":false},"author":1,"featured_media":0,"comment_status":"","ping_status":"","sticky":false,"template":"","format":"standard","meta":{"footnotes":""},"categories":[],"tags":[],"class_list":["post-44467","post","type-post","status-publish","format-standard","hentry"],"amp_enabled":true,"_links":{"self":[{"href":"https:\/\/novasdodia.com.br\/index.php\/wp-json\/wp\/v2\/posts\/44467","targetHints":{"allow":["GET"]}}],"collection":[{"href":"https:\/\/novasdodia.com.br\/index.php\/wp-json\/wp\/v2\/posts"}],"about":[{"href":"https:\/\/novasdodia.com.br\/index.php\/wp-json\/wp\/v2\/types\/post"}],"author":[{"embeddable":true,"href":"https:\/\/novasdodia.com.br\/index.php\/wp-json\/wp\/v2\/users\/1"}],"replies":[{"embeddable":true,"href":"https:\/\/novasdodia.com.br\/index.php\/wp-json\/wp\/v2\/comments?post=44467"}],"version-history":[{"count":0,"href":"https:\/\/novasdodia.com.br\/index.php\/wp-json\/wp\/v2\/posts\/44467\/revisions"}],"wp:attachment":[{"href":"https:\/\/novasdodia.com.br\/index.php\/wp-json\/wp\/v2\/media?parent=44467"}],"wp:term":[{"taxonomy":"category","embeddable":true,"href":"https:\/\/novasdodia.com.br\/index.php\/wp-json\/wp\/v2\/categories?post=44467"},{"taxonomy":"post_tag","embeddable":true,"href":"https:\/\/novasdodia.com.br\/index.php\/wp-json\/wp\/v2\/tags?post=44467"}],"curies":[{"name":"wp","href":"https:\/\/api.w.org\/{rel}","templated":true}]}}