{"id":44661,"date":"2025-11-06T17:36:19","date_gmt":"2025-11-06T20:36:19","guid":{"rendered":"https:\/\/novasdodia.com.br\/index.php\/2025\/11\/06\/2025-deve-ser-o-segundo-ou-terceiro-ano-mais-quente-diz-omm\/"},"modified":"2025-11-06T17:36:19","modified_gmt":"2025-11-06T20:36:19","slug":"2025-deve-ser-o-segundo-ou-terceiro-ano-mais-quente-diz-omm","status":"publish","type":"post","link":"https:\/\/novasdodia.com.br\/index.php\/2025\/11\/06\/2025-deve-ser-o-segundo-ou-terceiro-ano-mais-quente-diz-omm\/","title":{"rendered":"2025 deve ser o segundo ou terceiro ano mais quente, diz OMM"},"content":{"rendered":"<p> Por MRNews<br \/>\n<\/p>\n<p>Por EBC, <\/p>\n<div class=\"code-block code-block-12\" style=\"margin: 8px auto;text-align: center;clear: both\">\n<a href=\"https:\/\/whatsapp.com\/channel\/0029VaD0FyxJ3jusWxujWr22\"> SIGA NOSSO CANAL DO WHATSAPP AGORA<\/a><\/p>\n<div><\/div>\n<\/div>\n<div class=\"code-block code-block-1\" style=\"margin: 8px auto;text-align: center;clear: both\">\n<\/div>\n<div>\n<p><strong>O ano de 2025 deve ser o segundo ou terceiro mais quente j\u00e1 registrado. A temperatura m\u00e9dia pr\u00f3xima \u00e0 superf\u00edcie, de janeiro a agosto, foi de 1,42\u00b0 C \u00b1 0,12\u00b0 C acima da m\u00e9dia pr\u00e9-industrial.<\/strong><\/p>\n<div class=\"code-block code-block-8\" style=\"margin: 8px 0;clear: both\">\n<\/div>\n<p>Os dados s\u00e3o do Relat\u00f3rio sobre o Estado do Clima Global da Organiza\u00e7\u00e3o Meteorol\u00f3gica Mundial (OMM). Os \u00faltimos onze anos, de 2015 a 2025, ter\u00e3o sido individualmente os mais quentes nos 176 anos de registros de observa\u00e7\u00e3o, sendo os \u00faltimos tr\u00eas anos os tr\u00eas anos mais quentes.<\/p>\n<div class=\"code-block code-block-7\" style=\"margin: 8px 0;clear: both\">\n<a href=\"https:\/\/whatsapp.com\/channel\/0029VaD0FyxJ3jusWxujWr22\"> SIGA-NOS NO WHATSAPP COM MAIS NOTICIAS <\/a><\/p>\n<p>&lt;!&#8211; Composite Start<\/p>\n<div id=\"M377024ScriptRootC1105590\">\n<\/div>\n<p><!-- Composite End --> &#8211;&gt;<\/p>\n<\/div>\n<div class=\"code-block code-block-3\" style=\"margin: 8px 0;clear: both\">\n<\/div>\n<blockquote>\n<p>&#8220;Essa sequ\u00eancia sem precedentes de altas temperaturas, combinada com o aumento recorde dos n\u00edveis de gases de efeito estufa no ano passado, deixa claro que ser\u00e1 praticamente imposs\u00edvel limitar o aquecimento global a 1,5 \u00b0C nos pr\u00f3ximos anos sem ultrapassar temporariamente essa meta. Mas a ci\u00eancia tamb\u00e9m \u00e9 clara ao afirmar que ainda \u00e9 totalmente poss\u00edvel e essencial reduzir as temperaturas para 1,5 \u00b0C at\u00e9 o fim do s\u00e9culo&#8221;, disse a secret\u00e1ria-geral da OMM, Celeste Saulo.<\/p>\n<\/blockquote>\n<div class=\"code-block code-block-5\" style=\"margin: 8px auto;text-align: center;clear: both\">\n<\/div>\n<p>&gt;&gt; Siga o canal da <strong>Ag\u00eancia Brasil <\/strong>no WhatsApp<\/p>\n<div class=\"code-block code-block-6\" style=\"margin: 8px 0;clear: both\">\n<!-- Composite Start --><\/p>\n<div id=\"M377024ScriptRootC1105590\"><\/div>\n<p><!-- Composite End -->\n<\/div>\n<h2>Indicadores clim\u00e1ticos<\/h2>\n<p><strong>O relat\u00f3rio foi divulgado pela OMM para a C\u00fapula da Confer\u00eancia das Na\u00e7\u00f5es Unidas sobre Mudan\u00e7as Clim\u00e1ticas (COP30), em Bel\u00e9m, como refer\u00eancia cient\u00edfica para fundamentar as negocia\u00e7\u00f5es da COP em evid\u00eancias confi\u00e1veis.<\/strong> O documento ainda mostra indicadores clim\u00e1ticos essenciais e sua relev\u00e2ncia para apoiar a formula\u00e7\u00e3o de pol\u00edticas e documentos cient\u00edficos mais detalhados.<\/p>\n<div class=\"code-block code-block-2\" style=\"margin: 8px 0;clear: both\">\n<\/div>\n<p>Em seu discurso na COP30, o secret\u00e1rio-geral da Organiza\u00e7\u00e3o das Na\u00e7\u00f5es Unidas (ONU), Ant\u00f3nio Guterres, disse que cada ano acima de 1,5 grau prejudicar\u00e1 as economias, aprofundar\u00e1 as desigualdades e causar\u00e1 danos irrevers\u00edveis.<\/p>\n<p><strong>\u201cDevemos agir agora, com grande rapidez e em grande escala, para que esse aumento seja o menor, o mais curto e o mais seguro poss\u00edvel e para que as temperaturas voltem a ficar abaixo de 1,5\u00b0C antes do final do s\u00e9culo\u201d, assegurou.<\/strong><\/p>\n<div class=\"code-block code-block-4\" style=\"margin: 8px 0;clear: both\">\n<\/div>\n<p>Segundo o relat\u00f3rio, as concentra\u00e7\u00f5es de gases de efeito estufa que ret\u00eam calor e o conte\u00fado de calor dos oceanos continuaram a aumentar em 2025, com a extens\u00e3o do gelo marinho no \u00c1rtico ap\u00f3s o congelamento de inverno sendo o menor j\u00e1 registrado, e a extens\u00e3o do gelo marinho na Ant\u00e1rtida bem abaixo da m\u00e9dia ao longo do ano. \u201cA tend\u00eancia de longo prazo de eleva\u00e7\u00e3o do n\u00edvel do mar continuou, apesar de uma pequena e tempor\u00e1ria oscila\u00e7\u00e3o devido a fatores naturais\u201d, diz o texto.<\/p>\n<p><strong>Tamb\u00e9m tiveram impacto em cascata os eventos clim\u00e1ticos extremos registrados em todo o mundo em 2025, como chuvas torrenciais e inunda\u00e7\u00f5es, calor intenso e inc\u00eandios florestais. Todos esses fatores contribu\u00edram para o deslocamento de pessoas em diversas regi\u00f5es, prejudicando o desenvolvimento sustent\u00e1vel e o progresso econ\u00f4mico.<\/strong><\/p>\n<p>      <!-- Relacionada --><\/p>\n<p>            <!-- Relacionada -->\n    <\/div>\n<p><!-- CONTENT END 2 --><\/p>\n<p>O post <a rel=\"nofollow\" href=\"https:\/\/mrnews.com.br\/index.php\/2025\/11\/06\/2025-deve-ser-o-segundo-ou-terceiro-ano-mais-quente-diz-omm\/\">2025 deve ser o segundo ou terceiro ano mais quente, diz OMM<\/a> apareceu primeiro em <a rel=\"nofollow\" href=\"https:\/\/mrnews.com.br\">MRNews<\/a>.<\/p>\n","protected":false},"excerpt":{"rendered":"<p>Por MRNews Por EBC, SIGA NOSSO CANAL DO WHATSAPP AGORA O ano de 2025 deve ser o segundo ou terceiro mais quente j\u00e1 registrado. A temperatura m\u00e9dia pr\u00f3xima \u00e0 superf\u00edcie, de janeiro a agosto, foi de 1,42\u00b0 C \u00b1 0,12\u00b0 C acima da m\u00e9dia pr\u00e9-industrial. Os dados s\u00e3o do Relat\u00f3rio sobre o Estado do Clima [&hellip;]<\/p>\n","protected":false},"author":3,"featured_media":0,"comment_status":"","ping_status":"","sticky":false,"template":"","format":"standard","meta":{"footnotes":""},"categories":[1],"tags":[],"class_list":["post-44661","post","type-post","status-publish","format-standard","hentry","category-noticias"],"amp_enabled":true,"_links":{"self":[{"href":"https:\/\/novasdodia.com.br\/index.php\/wp-json\/wp\/v2\/posts\/44661","targetHints":{"allow":["GET"]}}],"collection":[{"href":"https:\/\/novasdodia.com.br\/index.php\/wp-json\/wp\/v2\/posts"}],"about":[{"href":"https:\/\/novasdodia.com.br\/index.php\/wp-json\/wp\/v2\/types\/post"}],"author":[{"embeddable":true,"href":"https:\/\/novasdodia.com.br\/index.php\/wp-json\/wp\/v2\/users\/3"}],"replies":[{"embeddable":true,"href":"https:\/\/novasdodia.com.br\/index.php\/wp-json\/wp\/v2\/comments?post=44661"}],"version-history":[{"count":0,"href":"https:\/\/novasdodia.com.br\/index.php\/wp-json\/wp\/v2\/posts\/44661\/revisions"}],"wp:attachment":[{"href":"https:\/\/novasdodia.com.br\/index.php\/wp-json\/wp\/v2\/media?parent=44661"}],"wp:term":[{"taxonomy":"category","embeddable":true,"href":"https:\/\/novasdodia.com.br\/index.php\/wp-json\/wp\/v2\/categories?post=44661"},{"taxonomy":"post_tag","embeddable":true,"href":"https:\/\/novasdodia.com.br\/index.php\/wp-json\/wp\/v2\/tags?post=44661"}],"curies":[{"name":"wp","href":"https:\/\/api.w.org\/{rel}","templated":true}]}}