{"id":45070,"date":"2025-11-19T01:16:59","date_gmt":"2025-11-19T04:16:59","guid":{"rendered":"https:\/\/novasdodia.com.br\/index.php\/2025\/11\/19\/comitiva-boliviana-visita-campo-grande-para-fortalecer-cooperacao-empresarial-cgnoticias\/"},"modified":"2025-11-19T01:16:59","modified_gmt":"2025-11-19T04:16:59","slug":"comitiva-boliviana-visita-campo-grande-para-fortalecer-cooperacao-empresarial-cgnoticias","status":"publish","type":"post","link":"https:\/\/novasdodia.com.br\/index.php\/2025\/11\/19\/comitiva-boliviana-visita-campo-grande-para-fortalecer-cooperacao-empresarial-cgnoticias\/","title":{"rendered":"Comitiva Boliviana visita Campo Grande para fortalecer coopera\u00e7\u00e3o empresarial \u2013 CGNot\u00edcias"},"content":{"rendered":"<p><\/p>\n<div>\n<p>Uma comitiva da Empacar S.A., um dos grupos empresariais mais diversificados da Bol\u00edvia, esteve no Pa\u00e7o Municipal de Campo Grande nesta ter\u00e7a-feira (11) para uma agenda de aproxima\u00e7\u00e3o institucional, prospec\u00e7\u00e3o de neg\u00f3cios e di\u00e1logo estrat\u00e9gico com a prefeita Adriane Lopes. A visita refor\u00e7a o avan\u00e7o da integra\u00e7\u00e3o econ\u00f4mica entre Brasil e Bol\u00edvia, especialmente diante das oportunidades do Corredor Bioce\u00e2nico.<\/p>\n<p>Sediada em Santa Cruz de La Sierra, a Empacar atua nos setores industrial, financeiro, energ\u00e9tico, de comunica\u00e7\u00e3o e varejo, al\u00e9m de ser refer\u00eancia nacional em reciclagem e solu\u00e7\u00f5es sustent\u00e1veis. A empresa se destaca pelo impacto positivo na economia, no meio ambiente e na comunidade boliviana.<\/p>\n<p>A comitiva tamb\u00e9m participou de reuni\u00f5es com lideran\u00e7as empresariais de Campo Grande e discutiu, com o Executivo Municipal, perspectivas de investimentos, integra\u00e7\u00e3o log\u00edstica e parcerias que possam impulsionar o desenvolvimento regional.<\/p>\n<p>O CEO da Empacar, Carlos Limpias El\u00edo, afirmou que a miss\u00e3o no Estado marca um novo momento para o di\u00e1logo entre os pa\u00edses. \u201cEstamos aqui para conversar com a prefeita sobre oportunidades de relacionamento entre Bol\u00edvia e Brasil. O novo governo boliviano est\u00e1 abrindo mais espa\u00e7o ao di\u00e1logo e queremos fortalecer esses la\u00e7os. Empres\u00e1rios de Mato Grosso do Sul, principalmente Campo Grande veem com bons olhos o Corredor Bioce\u00e2nico passando pela Bol\u00edvia, uma rota mais curta que j\u00e1 est\u00e1 pronta e conta com log\u00edstica consolidada\u201d, destacou.<\/p>\n<p>Carlos lembrou que o trajeto entre Campo Grande, Santa Cruz de La Sierra e o Porto de Iquique j\u00e1 opera com efici\u00eancia e que 80% das importa\u00e7\u00f5es bolivianas de bens de capital passam hoje por esse corredor.<\/p>\n<figure class=\"wp-block-image size-large\"><\/figure>\n<p>A prefeita Adriane Lopes ressaltou o valor estrat\u00e9gico da aproxima\u00e7\u00e3o. \u201cFortalecer la\u00e7os com nossos pa\u00edses vizinhos abre portas para novas oportunidades. A coopera\u00e7\u00e3o amplia o com\u00e9rcio, atrai investimentos e impulsiona projetos de infraestrutura que beneficiam toda a regi\u00e3o, gerando desenvolvimento m\u00fatuo e sustent\u00e1vel.\u201d<\/p>\n<p>A visita da Empacar fortalece o di\u00e1logo entre setor p\u00fablico e privado dos dois pa\u00edses e amplia as perspectivas de novas parcerias. As equipes t\u00e9cnicas devem seguir aprofundando propostas de coopera\u00e7\u00e3o e iniciativas sustent\u00e1veis que beneficiem ambos os lados.<\/p>\n<\/div>\n<p><script async defer async defer src=\"https:\/\/connect.facebook.net\/en_US\/sdk.js?ver=1#xfbml=1&amp;version=v3.2\" id=\"prefeitura-campogrande-script-facebook-sdk-js\"><\/script><\/p>\n","protected":false},"excerpt":{"rendered":"<p>Uma comitiva da Empacar S.A., um dos grupos empresariais mais diversificados da Bol\u00edvia, esteve no Pa\u00e7o Municipal de Campo Grande nesta ter\u00e7a-feira (11) para uma agenda de aproxima\u00e7\u00e3o institucional, prospec\u00e7\u00e3o de neg\u00f3cios e di\u00e1logo estrat\u00e9gico com a prefeita Adriane Lopes. A visita refor\u00e7a o avan\u00e7o da integra\u00e7\u00e3o econ\u00f4mica entre Brasil e Bol\u00edvia, especialmente diante das [&hellip;]<\/p>\n","protected":false},"author":1,"featured_media":0,"comment_status":"","ping_status":"","sticky":false,"template":"","format":"standard","meta":{"footnotes":""},"categories":[],"tags":[],"class_list":["post-45070","post","type-post","status-publish","format-standard","hentry"],"amp_enabled":true,"_links":{"self":[{"href":"https:\/\/novasdodia.com.br\/index.php\/wp-json\/wp\/v2\/posts\/45070","targetHints":{"allow":["GET"]}}],"collection":[{"href":"https:\/\/novasdodia.com.br\/index.php\/wp-json\/wp\/v2\/posts"}],"about":[{"href":"https:\/\/novasdodia.com.br\/index.php\/wp-json\/wp\/v2\/types\/post"}],"author":[{"embeddable":true,"href":"https:\/\/novasdodia.com.br\/index.php\/wp-json\/wp\/v2\/users\/1"}],"replies":[{"embeddable":true,"href":"https:\/\/novasdodia.com.br\/index.php\/wp-json\/wp\/v2\/comments?post=45070"}],"version-history":[{"count":0,"href":"https:\/\/novasdodia.com.br\/index.php\/wp-json\/wp\/v2\/posts\/45070\/revisions"}],"wp:attachment":[{"href":"https:\/\/novasdodia.com.br\/index.php\/wp-json\/wp\/v2\/media?parent=45070"}],"wp:term":[{"taxonomy":"category","embeddable":true,"href":"https:\/\/novasdodia.com.br\/index.php\/wp-json\/wp\/v2\/categories?post=45070"},{"taxonomy":"post_tag","embeddable":true,"href":"https:\/\/novasdodia.com.br\/index.php\/wp-json\/wp\/v2\/tags?post=45070"}],"curies":[{"name":"wp","href":"https:\/\/api.w.org\/{rel}","templated":true}]}}