{"id":45189,"date":"2025-11-22T07:20:52","date_gmt":"2025-11-22T10:20:52","guid":{"rendered":"https:\/\/novasdodia.com.br\/index.php\/2025\/11\/22\/prefeitura-do-rio-da-inicio-as-obras-do-centro-cultural-rio-africas-na-zona-portuaria-prefeitura-da-cidade-do-rio-de-janeiro\/"},"modified":"2025-11-22T07:20:52","modified_gmt":"2025-11-22T10:20:52","slug":"prefeitura-do-rio-da-inicio-as-obras-do-centro-cultural-rio-africas-na-zona-portuaria-prefeitura-da-cidade-do-rio-de-janeiro","status":"publish","type":"post","link":"https:\/\/novasdodia.com.br\/index.php\/2025\/11\/22\/prefeitura-do-rio-da-inicio-as-obras-do-centro-cultural-rio-africas-na-zona-portuaria-prefeitura-da-cidade-do-rio-de-janeiro\/","title":{"rendered":"Prefeitura do Rio d\u00e1 in\u00edcio \u00e0s obras do Centro Cultural Rio-\u00c1fricas, na Zona Portu\u00e1ria &#8211; Prefeitura da Cidade do Rio de Janeiro"},"content":{"rendered":"<p><\/p>\n<div wp_automatic_readability=\"86.53035742157\">\n<div class=\"image-post\" wp_automatic_readability=\"34\">\n                     In\u00edcio da demoli\u00e7\u00e3o da antiga maternidade, onde ficar\u00e1 o Centro Cultural Rio-\u00c1fricas &#8211; Foto: Marcelo Piu                   <\/div>\n<p>O prefeito do Rio, Eduardo Paes, deu in\u00edcio nesta sexta-feira, 21\/11, \u00e0s obras do Centro Cultural Rio-\u00c1fricas, espa\u00e7o que ajuda a consolidar a regi\u00e3o da Pequena \u00c1frica, na Zona Portu\u00e1ria, como territ\u00f3rio de mem\u00f3ria, identidade e resist\u00eancia. Ao lado do vice-prefeito Eduardo Cavaliere, Paes acompanhou a derrubada de parte da estrutura da antiga Pr\u00f3-Matre, na Av. Venezuela \u2013 primeira etapa do processo de constru\u00e7\u00e3o do centro cultural. O evento aconteceu um dia ap\u00f3s a Prefeitura anunciar o projeto Pra\u00e7a Onze Maravilha, que far\u00e1 \u00a0importantes transforma\u00e7\u00f5es na regi\u00e3o da Pra\u00e7a Onze, Catumbi, Centro e Est\u00e1cio, refor\u00e7ando a valoriza\u00e7\u00e3o e preserva\u00e7\u00e3o do patrim\u00f4nio e da hist\u00f3ria da cidade.<\/p>\n<blockquote wp_automatic_readability=\"14\">\n<p>\u2013 A ideia do projeto \u00e9 consolidar as descobertas realizadas nesta \u00e1rea, desde a implementa\u00e7\u00e3o do projeto Porto Maravilha, da descoberta do Cais do Valongo, que foi um marco na conex\u00e3o da di\u00e1spora africana e na forma\u00e7\u00e3o da hist\u00f3ria da cidade do Rio de Janeiro. Mais de um milh\u00e3o de africanos escravizados chegaram pelo Cais do Valongo, e nosso objetivo \u00e9 narrar essa conex\u00e3o entre a forma\u00e7\u00e3o do Rio e o povo africano. Este \u00e9 um projeto amplo, que complementa o projeto Pra\u00e7a Onze Maravilha, impulsionando o desenvolvimento do Porto Maravilha. Queremos resgatar a hist\u00f3ria do povo negro na forma\u00e7\u00e3o da nossa cidade e transformar esses espa\u00e7os em locais atrativos para turistas e para a popula\u00e7\u00e3o \u2013 afirmou o prefeito Eduardo Paes.<\/p>\n<\/blockquote>\n<p>O projeto arquitet\u00f4nico do novo centro, localizado pr\u00f3ximo ao Cais do Valongo, tem assinatura do arquiteto Marcus Vinicius Damon Martins de Souza Rodrigues, do Est\u00fadio M\u00f3dulo de Arquitetura e Urbanismo, vencedor do concurso promovido em parceria entre a Companhia Carioca de Parcerias e Investimentos (CCPar) e o Instituto dos Arquitetos do Brasil (IAB-RJ). O projeto foi o escolhido entre os 36 apresentados por arquitetos negros brasileiros e africanos de l\u00edngua portuguesa que submeteram seus trabalhos.<\/p>\n<blockquote wp_automatic_readability=\"19\">\n<p>\u2013 Nosso diferencial residiu no profundo respeito demonstrado pelo entorno. Trata-se de uma proposta que n\u00e3o visou protagonismo na regi\u00e3o, mas, sim, respeitar e dialogar com seu entorno imediato, como o Cais do Valongo. \u00c9 uma arquitetura que almeja promover um enlace, um ponto de encontro entre a ancestralidade africana e o legado da arquitetura moderna brasileira, considerado por muitos autores como ber\u00e7o da arquitetura moderna no Brasil, com ra\u00edzes no Rio de Janeiro. Portanto, foi crucial para n\u00f3s promover essa concilia\u00e7\u00e3o, um projeto que n\u00e3o s\u00f3 incorpora simbolismos de religi\u00f5es e matrizes africanas, mas tamb\u00e9m de povos de origem africana em sua totalidade \u2013 destacou o arquiteto Marcus Vinicius, que tamb\u00e9m participou do encontro.<\/p>\n<\/blockquote>\n<p><strong>Arquitetura com refer\u00eancias da ancestralidade africana<\/strong><\/p>\n<figure id=\"attachment_118617\" aria-describedby=\"caption-attachment-118617\" style=\"width: 360px\" class=\"wp-caption alignnone\"><figcaption id=\"caption-attachment-118617\" class=\"wp-caption-text\">O projeto do novo Centro Cultural Rio-\u00c1fricas \u2013 Foto: Divulga\u00e7\u00e3o<\/figcaption><\/figure>\n<p>\u00a0<\/p>\n<p>Com tr\u00eas pavimentos e um p\u00e1tio arborizado, o Centro Cultural Rio-\u00c1fricas come\u00e7a a ser constru\u00eddo no terreno onde funcionou a tradicional maternidade Pr\u00f3 Matre por mais de nove d\u00e9cadas. Esp\u00e9cies como espada de S\u00e3o Jorge, agapanto e capim-do-texas comp\u00f5em o paisagismo inspirado em simbolismos africanos e na Mata Atl\u00e2ntica. A fachada ser\u00e1 marcada por tramas inspiradas em padr\u00f5es africanos e pain\u00e9is perfurados, funcionando como filtro de luz natural. Um terra\u00e7o no \u00faltimo piso oferecer\u00e1 vista direta para o Cais do Valongo.<\/p>\n<blockquote wp_automatic_readability=\"12\">\n<p>\u2013 O local continua sendo uma maternidade, mas uma maternidade ancestral, com muitas ideias, muitos projetos. Muitas alegrias v\u00e3o continuar nascendo e prosperando \u2013 ressaltou Luiz Eduardo Negrogun, presidente do Conselho Estadual dos Direitos do Negro e Promo\u00e7\u00e3o da Igualdade Racial ao lado de Paes e Cavaliere.<\/p>\n<\/blockquote>\n<p><strong>Valoriza\u00e7\u00e3o da Pequena \u00c1frica e legado do Porto Maravilha<\/strong><\/p>\n<p>A constru\u00e7\u00e3o do Centro Cultural Rio-\u00c1fricas se soma ao conjunto de a\u00e7\u00f5es de revitaliza\u00e7\u00e3o do Porto Maravilha, iniciada em 2009, incluindo a requalifica\u00e7\u00e3o do Cais do Valongo e parcerias com o Iphan, IDG, BNDES e empresas privadas.<\/p>\n<p>A \u00e1rea onde fica o equipamento \u00e9 um terreno da Cury Construtora, que cedeu o terreno e realiza as obras como contrapartida \u00e0 Prefeitura do Rio. Para o secret\u00e1rio municipal de Desenvolvimento Econ\u00f4mico, Osmar Lima, o equipamento representa um passo fundamental no reconhecimento da contribui\u00e7\u00e3o negra para a hist\u00f3ria do Rio e do Brasil e devolve vida a um im\u00f3vel que estava se deteriorando.<\/p>\n<blockquote wp_automatic_readability=\"10\">\n<p>\u2013 O projeto soma-se a um vasto e cont\u00ednuo esfor\u00e7o de revitaliza\u00e7\u00e3o e valoriza\u00e7\u00e3o cultural que h\u00e1 tempos vem sendo empreendido na Regi\u00e3o Portu\u00e1ria do Rio. Sua localiza\u00e7\u00e3o \u00e9 estrat\u00e9gica e de m\u00e1xima relev\u00e2ncia. Al\u00e9m disso, integra-se a um complexo de equipamentos culturais j\u00e1 existentes, como o Museu de Arte do Rio e o Museu do Amanh\u00e3 \u2013 afirmou Lima.<\/p>\n<\/blockquote>\n<p>O equipamento cultural, que est\u00e1 sendo constru\u00eddo pr\u00f3ximo ao Cais do Valongo \u2014 ponto hist\u00f3rico da di\u00e1spora africana reconhecido pela Unesco \u2014 ter\u00e1 como foco a valoriza\u00e7\u00e3o da ancestralidade afro-diasp\u00f3rica por meio de exposi\u00e7\u00f5es, mostras, forma\u00e7\u00e3o art\u00edstica e atividades educativas.<\/p>\n<blockquote wp_automatic_readability=\"12\">\n<p>\u2013 N\u00e3o h\u00e1 cultura brasileira que n\u00e3o demonstre rever\u00eancia ao continente africano. O Centro Cultural receber\u00e1 exposi\u00e7\u00f5es de alcance global. Ele ter\u00e1 n\u00e3o apenas mostras permanentes, mas tamb\u00e9m amplo espa\u00e7o para atividades como m\u00fasica, dan\u00e7a e teatro, com foco primordial em exposi\u00e7\u00f5es \u2013 explicou o secret\u00e1rio municipal de Cultura, Lucas Padilha.<\/p>\n<\/blockquote>\n<p>             <!-- Compartilhe ---><\/p>\n<p>\t\t\t <!-- TAGS --><\/p>\n<section class=\"category-tags\">\n<div class=\"marcacao-category\">\n<article class=\"category-post\">\n<p>Categoria: <\/p>\n<\/article>\n<li>21 de novembro de 2025<\/li><\/div>\n<article class=\"tags\">\n\t\t\t\t\tMarca\u00e7\u00f5es: cais do valongo Centro Cultural Rio-\u00c1frica Pequena \u00c1frica Zona Portu\u00e1ria<br \/><\/article>\n<\/section>\n<p>            <!-- Mais Not&iacute;cias --><\/p>\n<p>\t\t<!-- Conte&uacute;do SIDEBAR --><\/p><\/div>\n","protected":false},"excerpt":{"rendered":"<p>In\u00edcio da demoli\u00e7\u00e3o da antiga maternidade, onde ficar\u00e1 o Centro Cultural Rio-\u00c1fricas &#8211; Foto: Marcelo Piu O prefeito do Rio, Eduardo Paes, deu in\u00edcio nesta sexta-feira, 21\/11, \u00e0s obras do Centro Cultural Rio-\u00c1fricas, espa\u00e7o que ajuda a consolidar a regi\u00e3o da Pequena \u00c1frica, na Zona Portu\u00e1ria, como territ\u00f3rio de mem\u00f3ria, identidade e resist\u00eancia. Ao lado [&hellip;]<\/p>\n","protected":false},"author":1,"featured_media":0,"comment_status":"","ping_status":"","sticky":false,"template":"","format":"standard","meta":{"footnotes":""},"categories":[1],"tags":[],"class_list":["post-45189","post","type-post","status-publish","format-standard","hentry","category-noticias"],"amp_enabled":true,"_links":{"self":[{"href":"https:\/\/novasdodia.com.br\/index.php\/wp-json\/wp\/v2\/posts\/45189","targetHints":{"allow":["GET"]}}],"collection":[{"href":"https:\/\/novasdodia.com.br\/index.php\/wp-json\/wp\/v2\/posts"}],"about":[{"href":"https:\/\/novasdodia.com.br\/index.php\/wp-json\/wp\/v2\/types\/post"}],"author":[{"embeddable":true,"href":"https:\/\/novasdodia.com.br\/index.php\/wp-json\/wp\/v2\/users\/1"}],"replies":[{"embeddable":true,"href":"https:\/\/novasdodia.com.br\/index.php\/wp-json\/wp\/v2\/comments?post=45189"}],"version-history":[{"count":0,"href":"https:\/\/novasdodia.com.br\/index.php\/wp-json\/wp\/v2\/posts\/45189\/revisions"}],"wp:attachment":[{"href":"https:\/\/novasdodia.com.br\/index.php\/wp-json\/wp\/v2\/media?parent=45189"}],"wp:term":[{"taxonomy":"category","embeddable":true,"href":"https:\/\/novasdodia.com.br\/index.php\/wp-json\/wp\/v2\/categories?post=45189"},{"taxonomy":"post_tag","embeddable":true,"href":"https:\/\/novasdodia.com.br\/index.php\/wp-json\/wp\/v2\/tags?post=45189"}],"curies":[{"name":"wp","href":"https:\/\/api.w.org\/{rel}","templated":true}]}}