{"id":45278,"date":"2025-11-25T13:45:03","date_gmt":"2025-11-25T16:45:03","guid":{"rendered":"https:\/\/novasdodia.com.br\/index.php\/2025\/11\/25\/sas-concorre-ao-premio-mariluce-bittar-com-implantacao-da-escola-municipal-do-suas-cgnoticias\/"},"modified":"2025-11-25T13:45:03","modified_gmt":"2025-11-25T16:45:03","slug":"sas-concorre-ao-premio-mariluce-bittar-com-implantacao-da-escola-municipal-do-suas-cgnoticias","status":"publish","type":"post","link":"https:\/\/novasdodia.com.br\/index.php\/2025\/11\/25\/sas-concorre-ao-premio-mariluce-bittar-com-implantacao-da-escola-municipal-do-suas-cgnoticias\/","title":{"rendered":"SAS concorre ao Pr\u00eamio Mariluce Bittar com implanta\u00e7\u00e3o da Escola Municipal do Suas \u2013 CGNot\u00edcias"},"content":{"rendered":"<p><\/p>\n<div>\n<p>A Secretaria Municipal de Assist\u00eancia Social e Cidadania (SAS) est\u00e1 concorrendo ao Pr\u00eamio Mariluce Bittar com o trabalho \u201cTransformando saberes e pr\u00e1ticas: a experi\u00eancia pioneira da implanta\u00e7\u00e3o da primeira escola municipal do Suas no Brasil \u2013 Campo Grande\/MS\u201d. O projeto destaca a cria\u00e7\u00e3o e a consolida\u00e7\u00e3o da Escola Municipal do Sistema \u00danico de Assist\u00eancia Social (SUAS), uma das primeiras institui\u00e7\u00f5es municipais do g\u00eanero no pa\u00eds.<\/p>\n<p>Os vencedores ser\u00e3o anunciados nesta quarta-feira (26), a partir das 8h30, durante cerim\u00f4nia de premia\u00e7\u00e3o no audit\u00f3rio da OAB, localizado na Avenida Mato Grosso.<\/p>\n<p>O Pr\u00eamio Mariluce Bittar \u00e9 promovido pela Escola do Suas do Estado e tem como objetivo reconhecer e valorizar boas pr\u00e1ticas de gest\u00e3o e inova\u00e7\u00e3o na Assist\u00eancia Social desenvolvidas pelos munic\u00edpios de Mato Grosso do Sul.<\/p>\n<p>Por meio dos trabalhos inscritos, \u00e9 poss\u00edvel identificar e divulgar experi\u00eancias que contribuam para o fortalecimento e aprimoramento do Sistema \u00danico de Assist\u00eancia Social, premiando iniciativas com resultados positivos e impacto social comprovado.<\/p>\n<p>Cada munic\u00edpio pode apresentar experi\u00eancias nas categorias Servi\u00e7os Socioassistenciais, Benef\u00edcios e Programas Socioassistenciais ou Gest\u00e3o do Suas, desde que as iniciativas apresentem resultados concretos e contribuam para o fortalecimento da pol\u00edtica de Assist\u00eancia Social no territ\u00f3rio.<\/p>\n<figure class=\"wp-block-image size-large\"><\/figure>\n<p><strong>Estrutura e Objetivo<\/strong><\/p>\n<p>A Escola Municipal do Suas \u00e9 uma unidade descentralizada da SAS, subordinada \u00e0 Superintend\u00eancia de Gest\u00e3o do Suas. Sua fun\u00e7\u00e3o \u00e9 garantir a oferta cont\u00ednua de forma\u00e7\u00e3o e capacita\u00e7\u00e3o para gestores, conselheiros de direitos, t\u00e9cnicos da rede socioassistencial e demais profissionais municipais do SUAS em Campo Grande.<\/p>\n<p>O processo de estrutura\u00e7\u00e3o da escola teve in\u00edcio em 2017 e foi formalizado em 2021, por meio do Decreto Municipal n\u00ba 14.811. Seu objetivo principal \u00e9 promover a profissionaliza\u00e7\u00e3o e a qualifica\u00e7\u00e3o dos trabalhadores, assegurando a presta\u00e7\u00e3o de servi\u00e7os socioassistenciais com qualidade.<\/p>\n<p>Desde sua cria\u00e7\u00e3o, o planejamento e a execu\u00e7\u00e3o de a\u00e7\u00f5es educativas para os trabalhadores da SAS t\u00eam sido constantes. Nos \u00faltimos dez anos, j\u00e1 foram capacitados 8.996 servidores em mais de 250 a\u00e7\u00f5es formativas.<\/p>\n<p><strong>Consolida\u00e7\u00e3o e Planos Futuros<\/strong><\/p>\n<p>Em 2023, a Escola inaugurou uma nova sede. Neste ano, novas mudan\u00e7as estruturais posicionaram o equipamento na regi\u00e3o central da cidade, com sala de aula para 40 cursistas e parcerias firmadas com institui\u00e7\u00f5es de ensino superior e unidades socioassistenciais.<\/p>\n<p>De acordo com a gerente da escola, Ana Maria Esp\u00edndola, a atua\u00e7\u00e3o do equipamento tamb\u00e9m inclui a execu\u00e7\u00e3o de projetos pr\u00f3prios, como o \u201cProjeto Educa\u00e7\u00e3o Sem Limites\u201d e o \u201cObservat\u00f3rio de Pr\u00e1ticas Institucionais na Assist\u00eancia Social\u201d, com o objetivo de ampliar o alcance e qualificar ainda mais as a\u00e7\u00f5es educativas, conforme diretrizes da Pol\u00edtica Nacional de Educa\u00e7\u00e3o Permanente.<\/p>\n<p><em>#ParaTodosVerem As imagens mostram servidores da SAS na Escola do Suas.<\/em><\/p>\n<\/div>\n<p><script async defer async defer src=\"https:\/\/connect.facebook.net\/en_US\/sdk.js?ver=1#xfbml=1&amp;version=v3.2\" id=\"prefeitura-campogrande-script-facebook-sdk-js\"><\/script><\/p>\n","protected":false},"excerpt":{"rendered":"<p>A Secretaria Municipal de Assist\u00eancia Social e Cidadania (SAS) est\u00e1 concorrendo ao Pr\u00eamio Mariluce Bittar com o trabalho \u201cTransformando saberes e pr\u00e1ticas: a experi\u00eancia pioneira da implanta\u00e7\u00e3o da primeira escola municipal do Suas no Brasil \u2013 Campo Grande\/MS\u201d. O projeto destaca a cria\u00e7\u00e3o e a consolida\u00e7\u00e3o da Escola Municipal do Sistema \u00danico de Assist\u00eancia Social [&hellip;]<\/p>\n","protected":false},"author":1,"featured_media":0,"comment_status":"","ping_status":"","sticky":false,"template":"","format":"standard","meta":{"footnotes":""},"categories":[],"tags":[],"class_list":["post-45278","post","type-post","status-publish","format-standard","hentry"],"amp_enabled":true,"_links":{"self":[{"href":"https:\/\/novasdodia.com.br\/index.php\/wp-json\/wp\/v2\/posts\/45278","targetHints":{"allow":["GET"]}}],"collection":[{"href":"https:\/\/novasdodia.com.br\/index.php\/wp-json\/wp\/v2\/posts"}],"about":[{"href":"https:\/\/novasdodia.com.br\/index.php\/wp-json\/wp\/v2\/types\/post"}],"author":[{"embeddable":true,"href":"https:\/\/novasdodia.com.br\/index.php\/wp-json\/wp\/v2\/users\/1"}],"replies":[{"embeddable":true,"href":"https:\/\/novasdodia.com.br\/index.php\/wp-json\/wp\/v2\/comments?post=45278"}],"version-history":[{"count":0,"href":"https:\/\/novasdodia.com.br\/index.php\/wp-json\/wp\/v2\/posts\/45278\/revisions"}],"wp:attachment":[{"href":"https:\/\/novasdodia.com.br\/index.php\/wp-json\/wp\/v2\/media?parent=45278"}],"wp:term":[{"taxonomy":"category","embeddable":true,"href":"https:\/\/novasdodia.com.br\/index.php\/wp-json\/wp\/v2\/categories?post=45278"},{"taxonomy":"post_tag","embeddable":true,"href":"https:\/\/novasdodia.com.br\/index.php\/wp-json\/wp\/v2\/tags?post=45278"}],"curies":[{"name":"wp","href":"https:\/\/api.w.org\/{rel}","templated":true}]}}