{"id":45460,"date":"2025-12-01T09:29:04","date_gmt":"2025-12-01T12:29:04","guid":{"rendered":"https:\/\/novasdodia.com.br\/index.php\/2025\/12\/01\/ms-citrus-summit-vai-debater-nova-fronteira-produtiva-em-tres-lagoas-agencia-de-noticias-do-governo-de-mato-grosso-do-sul\/"},"modified":"2025-12-01T09:29:04","modified_gmt":"2025-12-01T12:29:04","slug":"ms-citrus-summit-vai-debater-nova-fronteira-produtiva-em-tres-lagoas-agencia-de-noticias-do-governo-de-mato-grosso-do-sul","status":"publish","type":"post","link":"https:\/\/novasdodia.com.br\/index.php\/2025\/12\/01\/ms-citrus-summit-vai-debater-nova-fronteira-produtiva-em-tres-lagoas-agencia-de-noticias-do-governo-de-mato-grosso-do-sul\/","title":{"rendered":"MS Citrus Summit vai debater nova fronteira produtiva em Tr\u00eas Lagoas \u2013 Ag\u00eancia de Noticias do Governo de Mato Grosso do Sul"},"content":{"rendered":"<p><\/p>\n<div>\n<p>Com mais de 15 mil hectares j\u00e1 em produ\u00e7\u00e3o e cerca de 7 milh\u00f5es de mudas implantadas no Estado, a citricultura avan\u00e7a de forma acelerada em Mato Grosso do Sul. Atualmente, j\u00e1 est\u00e3o prospectados mais de 30 mil hectares em novos projetos para os pr\u00f3ximos anos, consolidando a cultura como uma das principais apostas do agroneg\u00f3cio estadual para diversifica\u00e7\u00e3o econ\u00f4mica, gera\u00e7\u00e3o de renda e atra\u00e7\u00e3o de investimentos.<\/p>\n<p>Com o objetivo de ampliar o debate e construir estrat\u00e9gias para o desenvolvimento sustent\u00e1vel desta cadeia, a Semadesc (Secretaria de Estado de Meio Ambiente, Desenvolvimento, Ci\u00eancia, Tecnologia e Inova\u00e7\u00e3o) e suas vinculadas \u2013 Iagro e Agraer \u2013 promovem nos dias 10 e 11 de dezembro, em parceria com a Prefeitura de Tr\u00eas Lagoas, e com apoio do Fundecitrus, Famasul, Fiems e Sebrae, dois importantes eventos voltados ao fortalecimento da citricultura em Mato Grosso do Sul.<\/p>\n<p><strong>Primeiro dia \u2013 Capacita\u00e7\u00e3o T\u00e9cnica<\/strong><\/p>\n<p>No dia 10 de dezembro, ser\u00e1 realizado o Encontro Regional de Capacita\u00e7\u00e3o em Citricultura, voltado \u00e0s equipes t\u00e9cnicas e de fiscaliza\u00e7\u00e3o dos munic\u00edpios da regi\u00e3o. O objetivo \u00e9 alinhar conceitos, atualizar procedimentos e refor\u00e7ar pr\u00e1ticas essenciais para o avan\u00e7o da cadeia produtiva de forma segura, sustent\u00e1vel e integrada.<\/p>\n<p>Com participa\u00e7\u00e3o de especialistas das institui\u00e7\u00f5es envolvidas, o encontro promover\u00e1 troca de experi\u00eancias, esclarecimento de d\u00favidas, atualiza\u00e7\u00e3o de t\u00e9cnicas e fortalecimento das a\u00e7\u00f5es de defesa sanit\u00e1ria \u2014 elementos fundamentais para a expans\u00e3o da atividade no Estado.<\/p>\n<p>As atividades ser\u00e3o realizadas em Tr\u00eas Lagoas, no Espa\u00e7o do Sesi MS.<\/p>\n<p><strong>Segundo dia \u2013 MS Citrus Summit<\/strong><\/p>\n<p>No dia 11 de dezembro, o evento contar\u00e1 com a presen\u00e7a do governador Eduardo Riedel, do secret\u00e1rio da Semadesc, Jaime Verruck, autoridades e grandes refer\u00eancias da citricultura nacional. A programa\u00e7\u00e3o ampliar\u00e1 o debate para aspectos estrat\u00e9gicos, produtivos, mercadol\u00f3gicos e ambientais do setor.<\/p>\n<p>A pauta contemplar\u00e1 temas como modelos de expans\u00e3o, ambiente regulat\u00f3rio, defesa sanit\u00e1ria, perspectivas globais e o posicionamento de Mato Grosso do Sul como nova fronteira da citricultura no Brasil.<\/p>\n<p><strong>PROGRAMA\u00c7\u00c3O<\/strong><\/p>\n<p><span style=\"text-decoration: underline;\">10 de dezembro \u2013 Espa\u00e7o Sesi MS<\/span><\/p>\n<p>13h \u2013 Credenciamento<br \/>14h \u2013 Abertura Oficial<\/p>\n<p>14h30 \u00e0s 15h20 \u2013 Painel 1<br \/>A Citricultura no MS \/ Oportunidades (Semadesc)<br \/>\u2013 Cen\u00e1rio atual, localiza\u00e7\u00e3o e status dos projetos<br \/>\u2013 Atra\u00e7\u00e3o de investimentos<br \/>\u2013 Gera\u00e7\u00e3o de emprego e renda<\/p>\n<p>15h20 \u00e0s 16h \u2013 Painel 2<br \/>Principais Doen\u00e7as e Sanidade (Fundecitrus)<br \/>\u2013 Psil\u00eddeo e Greening (HLB): identifica\u00e7\u00e3o, monitoramento e controle<\/p>\n<p>16h \u2013 Intervalo<\/p>\n<p>16h20 \u00e0s 17h10 \u2013 Painel 3<br \/>Pol\u00edticas P\u00fablicas e Normativos (Iagro)<br \/>\u2013 Estrutura regulat\u00f3ria<br \/>\u2013 Defesa sanit\u00e1ria<br \/>\u2013 Procedimentos de manejo e fiscaliza\u00e7\u00e3o<\/p>\n<p>17h15 \u2013 Espa\u00e7o para Perguntas<\/p>\n<p><span style=\"text-decoration: underline;\">11 de dezembro \u2013 Espa\u00e7o Sesi MS<\/span><\/p>\n<p>8h \u2013 Abertura com Governador Eduardo Riedel e autoridades<\/p>\n<p>9h \u00e0s 10h \u2013 Palestra Magna<br \/>\u201cUma Nova Perspectiva para a Citricultura\u201d \u2013 Marcos Fava Neves<\/p>\n<p>10h \u00e0s 11h \u2013 Painel 1: Pol\u00edticas P\u00fablicas e Pr\u00e1ticas ESG<br \/>Mediador: Jaime Verruck (Semadesc)<br \/>\u2013 Defesa sanit\u00e1ria e seguran\u00e7a jur\u00eddica \u2013 Iagro<br \/>\u2013 Boas pr\u00e1ticas \u2013 Fundecitrus<br \/>\u2013 Combate ao HLB \u2013 Fundecitrus<\/p>\n<p>11h \u00e0s 12h \u2013 Painel 2: Produ\u00e7\u00e3o e Ambiente de Neg\u00f3cios no MS<br \/>Mediador: Rog\u00e9rio Bereta<br \/>\u2013 MS como nova fronteira da citricultura<br \/>\u2013 Cadeia produtiva e rela\u00e7\u00e3o produtor\/ind\u00fastria<br \/>\u2013 Implanta\u00e7\u00e3o de novos pomares<\/p>\n<p>15h \u00e0s 17h30 \u2013 Visita T\u00e9cnica<br \/>Fazenda Para\u00edso \u2013 Eduardo Sgobi<\/p>\n<p><strong>INSCRI\u00c7\u00d5ES<\/strong><\/p>\n<p>As inscri\u00e7\u00f5es devem ser realizadas separadamente para cada dia:<br \/>(67) 98139-1255<br \/>Citrus Summit \u2013 11\/12 pelo<strong><span style=\"color: #0000ff;\"> link<\/span><\/strong><\/p>\n<p><em>Comunica\u00e7\u00e3o Semadesc<\/em><br \/><em>Foto: \u00c1lvaro Rezende\/Secom\/Arquivo<\/em><\/p>\n<\/div>\n","protected":false},"excerpt":{"rendered":"<p>Com mais de 15 mil hectares j\u00e1 em produ\u00e7\u00e3o e cerca de 7 milh\u00f5es de mudas implantadas no Estado, a citricultura avan\u00e7a de forma acelerada em Mato Grosso do Sul. Atualmente, j\u00e1 est\u00e3o prospectados mais de 30 mil hectares em novos projetos para os pr\u00f3ximos anos, consolidando a cultura como uma das principais apostas do [&hellip;]<\/p>\n","protected":false},"author":1,"featured_media":0,"comment_status":"","ping_status":"","sticky":false,"template":"","format":"standard","meta":{"footnotes":""},"categories":[],"tags":[],"class_list":["post-45460","post","type-post","status-publish","format-standard","hentry"],"amp_enabled":true,"_links":{"self":[{"href":"https:\/\/novasdodia.com.br\/index.php\/wp-json\/wp\/v2\/posts\/45460","targetHints":{"allow":["GET"]}}],"collection":[{"href":"https:\/\/novasdodia.com.br\/index.php\/wp-json\/wp\/v2\/posts"}],"about":[{"href":"https:\/\/novasdodia.com.br\/index.php\/wp-json\/wp\/v2\/types\/post"}],"author":[{"embeddable":true,"href":"https:\/\/novasdodia.com.br\/index.php\/wp-json\/wp\/v2\/users\/1"}],"replies":[{"embeddable":true,"href":"https:\/\/novasdodia.com.br\/index.php\/wp-json\/wp\/v2\/comments?post=45460"}],"version-history":[{"count":0,"href":"https:\/\/novasdodia.com.br\/index.php\/wp-json\/wp\/v2\/posts\/45460\/revisions"}],"wp:attachment":[{"href":"https:\/\/novasdodia.com.br\/index.php\/wp-json\/wp\/v2\/media?parent=45460"}],"wp:term":[{"taxonomy":"category","embeddable":true,"href":"https:\/\/novasdodia.com.br\/index.php\/wp-json\/wp\/v2\/categories?post=45460"},{"taxonomy":"post_tag","embeddable":true,"href":"https:\/\/novasdodia.com.br\/index.php\/wp-json\/wp\/v2\/tags?post=45460"}],"curies":[{"name":"wp","href":"https:\/\/api.w.org\/{rel}","templated":true}]}}