{"id":45523,"date":"2025-12-02T18:51:05","date_gmt":"2025-12-02T21:51:05","guid":{"rendered":"https:\/\/novasdodia.com.br\/index.php\/2025\/12\/02\/em-missao-internacional-praticas-de-mato-grosso-do-sul-na-area-educacional-ganham-destaque-na-india\/"},"modified":"2025-12-02T18:51:05","modified_gmt":"2025-12-02T21:51:05","slug":"em-missao-internacional-praticas-de-mato-grosso-do-sul-na-area-educacional-ganham-destaque-na-india","status":"publish","type":"post","link":"https:\/\/novasdodia.com.br\/index.php\/2025\/12\/02\/em-missao-internacional-praticas-de-mato-grosso-do-sul-na-area-educacional-ganham-destaque-na-india\/","title":{"rendered":"Em miss\u00e3o internacional, pr\u00e1ticas de Mato Grosso do Sul na \u00e1rea educacional ganham destaque na \u00cdndia"},"content":{"rendered":"<p><\/p>\n<div>\n<p style=\"text-align: center;\"><em>Secret\u00e1rio H\u00e9lio Daher apresenta avan\u00e7os em tecnologia e uso de dados na Educa\u00e7\u00e3o durante encontro <\/em><\/p>\n<p>Entre os dias 1\u00ba e 5 de dezembro de 2025, secret\u00e1rios de Educa\u00e7\u00e3o de 15 estados participam de uma miss\u00e3o internacional \u00e0 \u00cdndia com o objetivo de fortalecer a coopera\u00e7\u00e3o bilateral com o Brasil na agenda de transforma\u00e7\u00e3o digital educacional.<\/p>\n<p>A programa\u00e7\u00e3o tem como foco compreender as solu\u00e7\u00f5es de IPD (Infraestrutura P\u00fablica Digital) utilizadas pelo governo indiano, identificar pr\u00e1ticas que possam ser adaptadas ao contexto brasileiro e apoiar a constru\u00e7\u00e3o de uma infraestrutura nacional de dados da educa\u00e7\u00e3o alinhada \u00e0 estrat\u00e9gia do Governo Digital.<\/p>\n<p>A \u00cdndia se destaca mundialmente pelo <em>India Stack<\/em>, um conjunto de sistemas p\u00fablicos interoper\u00e1veis, seguros e de baixo custo, capazes de oferecer servi\u00e7os digitais \u00e0 popula\u00e7\u00e3o em larga escala.<\/p>\n<p>Logo no primeiro dia da miss\u00e3o, a palestra do secret\u00e1rio de Estado de Educa\u00e7\u00e3o de Mato Grosso do Sul, H\u00e9lio Daher, foi um dos destaques da programa\u00e7\u00e3o, refor\u00e7ando o protagonismo de MS no uso de dados para a gest\u00e3o educacional. Convidado a compartilhar a experi\u00eancia sul-mato-grossense, H\u00e9lio apresentou como a integra\u00e7\u00e3o de sistemas tem transformado processos e resultados na Rede Estadual.<\/p>\n<p>O secret\u00e1rio apresentou iniciativas j\u00e1 consolidadas, como a Matr\u00edcula Digital e o Di\u00e1rio Digital do Professor, plataformas que conectam escolas, estudantes e docentes, facilitando a gest\u00e3o e qualificando as a\u00e7\u00f5es pedag\u00f3gicas.<\/p>\n<div id=\"gallery-1\" class=\"gallery galleryid-527905 gallery-columns-1 gallery-size-large\">\n<figure class=\"gallery-item\">\n<div class=\"gallery-icon landscape\"><\/div>\n<\/figure><\/div>\n<p>Segundo H\u00e9lio, o uso inteligente e integrado dos dados permite identificar estudantes com baixo rendimento, ajustar o fluxo escolar, orientar forma\u00e7\u00f5es docentes e aprimorar o planejamento das escolas, medidas que elevam a efici\u00eancia e a qualidade da Educa\u00e7\u00e3o P\u00fablica em Mato Grosso do Sul.<\/p>\n<p>As iniciativas apresentadas chamaram a aten\u00e7\u00e3o da comitiva brasileira e de representantes indianos, que reconheceram o Estado como um dos mais avan\u00e7ados em transforma\u00e7\u00e3o digital educacional.<\/p>\n<p>O secret\u00e1rio ressaltou a import\u00e2ncia da coopera\u00e7\u00e3o internacional como ferramenta de aprendizagem e inova\u00e7\u00e3o.<\/p>\n<p>\u201cQuando compartilhamos nossas experi\u00eancias e conhecemos realidades que j\u00e1 avan\u00e7aram em certas \u00e1reas, todos ganham. Volto da \u00cdndia com a certeza de que estamos no caminho certo e de que investir em tecnologia e integra\u00e7\u00e3o de dados \u00e9 investir no futuro dos nossos estudantes\u201d, afirmou H\u00e9lio Daher.<\/p>\n<p><strong>Miss\u00e3o Internacional<\/strong><\/p>\n<p>A comitiva \u00e9 formada por gestores p\u00fablicos da Educa\u00e7\u00e3o dos estados do Amap\u00e1, Amazonas, Bahia, Cear\u00e1, Mato Grosso, Mato Grosso do Sul, Minas Gerais, Par\u00e1, Paran\u00e1, Piau\u00ed, Rio de Janeiro, Rio Grande do Norte, Rio Grande do Sul, S\u00e3o Paulo e Sergipe.<\/p>\n<p>O grupo tamb\u00e9m conta com representantes de outras entidades, como funda\u00e7\u00f5es e empresas parceiras da iniciativa. Na programa\u00e7\u00e3o, que segue at\u00e9 o dia 05 de dezembro, est\u00e3o previstas palestras, trocas de experi\u00eancias e visitas em unidades da Rede P\u00fablica de Ensino locais.<\/p>\n<p><em>Comunica\u00e7\u00e3o SED<\/em><\/p>\n<\/div>\n","protected":false},"excerpt":{"rendered":"<p>Secret\u00e1rio H\u00e9lio Daher apresenta avan\u00e7os em tecnologia e uso de dados na Educa\u00e7\u00e3o durante encontro Entre os dias 1\u00ba e 5 de dezembro de 2025, secret\u00e1rios de Educa\u00e7\u00e3o de 15 estados participam de uma miss\u00e3o internacional \u00e0 \u00cdndia com o objetivo de fortalecer a coopera\u00e7\u00e3o bilateral com o Brasil na agenda de transforma\u00e7\u00e3o digital educacional. [&hellip;]<\/p>\n","protected":false},"author":1,"featured_media":0,"comment_status":"","ping_status":"","sticky":false,"template":"","format":"standard","meta":{"footnotes":""},"categories":[],"tags":[],"class_list":["post-45523","post","type-post","status-publish","format-standard","hentry"],"amp_enabled":true,"_links":{"self":[{"href":"https:\/\/novasdodia.com.br\/index.php\/wp-json\/wp\/v2\/posts\/45523","targetHints":{"allow":["GET"]}}],"collection":[{"href":"https:\/\/novasdodia.com.br\/index.php\/wp-json\/wp\/v2\/posts"}],"about":[{"href":"https:\/\/novasdodia.com.br\/index.php\/wp-json\/wp\/v2\/types\/post"}],"author":[{"embeddable":true,"href":"https:\/\/novasdodia.com.br\/index.php\/wp-json\/wp\/v2\/users\/1"}],"replies":[{"embeddable":true,"href":"https:\/\/novasdodia.com.br\/index.php\/wp-json\/wp\/v2\/comments?post=45523"}],"version-history":[{"count":0,"href":"https:\/\/novasdodia.com.br\/index.php\/wp-json\/wp\/v2\/posts\/45523\/revisions"}],"wp:attachment":[{"href":"https:\/\/novasdodia.com.br\/index.php\/wp-json\/wp\/v2\/media?parent=45523"}],"wp:term":[{"taxonomy":"category","embeddable":true,"href":"https:\/\/novasdodia.com.br\/index.php\/wp-json\/wp\/v2\/categories?post=45523"},{"taxonomy":"post_tag","embeddable":true,"href":"https:\/\/novasdodia.com.br\/index.php\/wp-json\/wp\/v2\/tags?post=45523"}],"curies":[{"name":"wp","href":"https:\/\/api.w.org\/{rel}","templated":true}]}}