{"id":45542,"date":"2025-12-03T20:57:01","date_gmt":"2025-12-03T23:57:01","guid":{"rendered":"https:\/\/novasdodia.com.br\/index.php\/2025\/12\/03\/pela-primeira-vez-premio-do-esporte-mineiro-sera-transmitido-na-integra-pela-tv\/"},"modified":"2025-12-03T20:57:01","modified_gmt":"2025-12-03T23:57:01","slug":"pela-primeira-vez-premio-do-esporte-mineiro-sera-transmitido-na-integra-pela-tv","status":"publish","type":"post","link":"https:\/\/novasdodia.com.br\/index.php\/2025\/12\/03\/pela-primeira-vez-premio-do-esporte-mineiro-sera-transmitido-na-integra-pela-tv\/","title":{"rendered":"Pela primeira vez, Pr\u00eamio do Esporte Mineiro ser\u00e1 transmitido na \u00edntegra pela TV"},"content":{"rendered":"<p>Vota\u00e7\u00e3o popular j\u00e1 est\u00e1 aberta e os mineiros podem escolher os homenageados de 2025<\/p>\n","protected":false},"excerpt":{"rendered":"<p>Vota\u00e7\u00e3o popular j\u00e1 est\u00e1 aberta e os mineiros podem escolher os homenageados de 2025<\/p>\n","protected":false},"author":1,"featured_media":0,"comment_status":"","ping_status":"","sticky":false,"template":"","format":"standard","meta":{"footnotes":""},"categories":[1],"tags":[],"class_list":["post-45542","post","type-post","status-publish","format-standard","hentry","category-noticias"],"amp_enabled":true,"_links":{"self":[{"href":"https:\/\/novasdodia.com.br\/index.php\/wp-json\/wp\/v2\/posts\/45542","targetHints":{"allow":["GET"]}}],"collection":[{"href":"https:\/\/novasdodia.com.br\/index.php\/wp-json\/wp\/v2\/posts"}],"about":[{"href":"https:\/\/novasdodia.com.br\/index.php\/wp-json\/wp\/v2\/types\/post"}],"author":[{"embeddable":true,"href":"https:\/\/novasdodia.com.br\/index.php\/wp-json\/wp\/v2\/users\/1"}],"replies":[{"embeddable":true,"href":"https:\/\/novasdodia.com.br\/index.php\/wp-json\/wp\/v2\/comments?post=45542"}],"version-history":[{"count":0,"href":"https:\/\/novasdodia.com.br\/index.php\/wp-json\/wp\/v2\/posts\/45542\/revisions"}],"wp:attachment":[{"href":"https:\/\/novasdodia.com.br\/index.php\/wp-json\/wp\/v2\/media?parent=45542"}],"wp:term":[{"taxonomy":"category","embeddable":true,"href":"https:\/\/novasdodia.com.br\/index.php\/wp-json\/wp\/v2\/categories?post=45542"},{"taxonomy":"post_tag","embeddable":true,"href":"https:\/\/novasdodia.com.br\/index.php\/wp-json\/wp\/v2\/tags?post=45542"}],"curies":[{"name":"wp","href":"https:\/\/api.w.org\/{rel}","templated":true}]}}