{"id":45558,"date":"2025-12-04T21:18:11","date_gmt":"2025-12-05T00:18:11","guid":{"rendered":"https:\/\/novasdodia.com.br\/index.php\/2025\/12\/04\/minas-celebra-seu-patrimonio-com-lancamentos-e-exposicao-na-36a-feira-nacional-de-artesanato\/"},"modified":"2025-12-04T21:18:11","modified_gmt":"2025-12-05T00:18:11","slug":"minas-celebra-seu-patrimonio-com-lancamentos-e-exposicao-na-36a-feira-nacional-de-artesanato","status":"publish","type":"post","link":"https:\/\/novasdodia.com.br\/index.php\/2025\/12\/04\/minas-celebra-seu-patrimonio-com-lancamentos-e-exposicao-na-36a-feira-nacional-de-artesanato\/","title":{"rendered":"Minas celebra seu patrim\u00f4nio com lan\u00e7amentos e exposi\u00e7\u00e3o na 36\u00aa Feira Nacional de Artesanato"},"content":{"rendered":"<p>Caderno do Patrim\u00f4nio Artesanato em Barro do Vale do Jequitinhonha e mostra de pres\u00e9pios s\u00e3o destaques na programa\u00e7\u00e3o do Espa\u00e7o Minas<\/p>\n","protected":false},"excerpt":{"rendered":"<p>Caderno do Patrim\u00f4nio Artesanato em Barro do Vale do Jequitinhonha e mostra de pres\u00e9pios s\u00e3o destaques na programa\u00e7\u00e3o do Espa\u00e7o Minas<\/p>\n","protected":false},"author":1,"featured_media":0,"comment_status":"","ping_status":"","sticky":false,"template":"","format":"standard","meta":{"footnotes":""},"categories":[1],"tags":[],"class_list":["post-45558","post","type-post","status-publish","format-standard","hentry","category-noticias"],"amp_enabled":true,"_links":{"self":[{"href":"https:\/\/novasdodia.com.br\/index.php\/wp-json\/wp\/v2\/posts\/45558","targetHints":{"allow":["GET"]}}],"collection":[{"href":"https:\/\/novasdodia.com.br\/index.php\/wp-json\/wp\/v2\/posts"}],"about":[{"href":"https:\/\/novasdodia.com.br\/index.php\/wp-json\/wp\/v2\/types\/post"}],"author":[{"embeddable":true,"href":"https:\/\/novasdodia.com.br\/index.php\/wp-json\/wp\/v2\/users\/1"}],"replies":[{"embeddable":true,"href":"https:\/\/novasdodia.com.br\/index.php\/wp-json\/wp\/v2\/comments?post=45558"}],"version-history":[{"count":0,"href":"https:\/\/novasdodia.com.br\/index.php\/wp-json\/wp\/v2\/posts\/45558\/revisions"}],"wp:attachment":[{"href":"https:\/\/novasdodia.com.br\/index.php\/wp-json\/wp\/v2\/media?parent=45558"}],"wp:term":[{"taxonomy":"category","embeddable":true,"href":"https:\/\/novasdodia.com.br\/index.php\/wp-json\/wp\/v2\/categories?post=45558"},{"taxonomy":"post_tag","embeddable":true,"href":"https:\/\/novasdodia.com.br\/index.php\/wp-json\/wp\/v2\/tags?post=45558"}],"curies":[{"name":"wp","href":"https:\/\/api.w.org\/{rel}","templated":true}]}}