{"id":45560,"date":"2025-12-05T01:42:02","date_gmt":"2025-12-05T04:42:02","guid":{"rendered":"https:\/\/novasdodia.com.br\/index.php\/2025\/12\/05\/carreta-ortopedica-realiza-atendimentos-e-entrega-de-dispositivos-no-cer-ii-de-bonito\/"},"modified":"2025-12-05T01:42:02","modified_gmt":"2025-12-05T04:42:02","slug":"carreta-ortopedica-realiza-atendimentos-e-entrega-de-dispositivos-no-cer-ii-de-bonito","status":"publish","type":"post","link":"https:\/\/novasdodia.com.br\/index.php\/2025\/12\/05\/carreta-ortopedica-realiza-atendimentos-e-entrega-de-dispositivos-no-cer-ii-de-bonito\/","title":{"rendered":"Carreta Ortop\u00e9dica realiza atendimentos e entrega de dispositivos no CER II de Bonito"},"content":{"rendered":"<p><\/p>\n<p>Nos dias 3, 4 e 5 de dezembro, a Carreta da Oficina Ortop\u00e9dica Itinerante est\u00e1 em Bonito, oferecendo atendimentos no Centro de Especialidades em Reabilita\u00e7\u00e3o (CER II) e disponibilizando servi\u00e7os essenciais para pessoas que necessitam de \u00f3rteses, pr\u00f3teses e meios auxiliares de locomo\u00e7\u00e3o. A iniciativa beneficia moradores do munic\u00edpio e tamb\u00e9m pacientes de cidades vizinhas.<\/p>\n<p>Ao longo desses tr\u00eas dias, 45 pacientes passam por avalia\u00e7\u00f5es especializadas e recebem dispositivos de acordo com suas necessidades cl\u00ednicas. Ao todo, 39 itens s\u00e3o entregues, entre eles cadeiras de rodas, muletas canadenses, cadeiras de rodas para banho, cadeiras de banho em concha infantil, muletas axilares, andadores e bengalas de quatro pontos.<\/p>\n<p>O principal objetivo da a\u00e7\u00e3o \u00e9 ampliar o acesso da popula\u00e7\u00e3o a dispositivos de reabilita\u00e7\u00e3o, promovendo autonomia, inclus\u00e3o e qualidade de vida para pessoas com defici\u00eancia ou mobilidade reduzida, al\u00e9m de descentralizar o atendimento oferecido pela rede p\u00fablica.<\/p>\n<p>Em Bonito, 84 pacientes s\u00e3o contemplados com os atendimentos da Carreta Ortop\u00e9dica. A a\u00e7\u00e3o \u00e9 uma iniciativa da Prefeitura de Bonito, por meio da Secretaria Municipal de Sa\u00fade, em parceria com o Governo do Estado de Mato Grosso do Sul, por meio da Secretaria de Estado de Sa\u00fade.<\/p>\n<figure class=\"wp-block-gallery has-nested-images columns-default is-cropped wp-block-gallery-1 is-layout-flex wp-block-gallery-is-layout-flex\">\n<figure class=\"wp-block-image size-large\"><\/figure>\n<\/figure>\n","protected":false},"excerpt":{"rendered":"<p>Nos dias 3, 4 e 5 de dezembro, a Carreta da Oficina Ortop\u00e9dica Itinerante est\u00e1 em Bonito, oferecendo atendimentos no Centro de Especialidades em Reabilita\u00e7\u00e3o (CER II) e disponibilizando servi\u00e7os essenciais para pessoas que necessitam de \u00f3rteses, pr\u00f3teses e meios auxiliares de locomo\u00e7\u00e3o. A iniciativa beneficia moradores do munic\u00edpio e tamb\u00e9m pacientes de cidades vizinhas. [&hellip;]<\/p>\n","protected":false},"author":1,"featured_media":0,"comment_status":"","ping_status":"","sticky":false,"template":"","format":"standard","meta":{"footnotes":""},"categories":[],"tags":[],"class_list":["post-45560","post","type-post","status-publish","format-standard","hentry"],"amp_enabled":true,"_links":{"self":[{"href":"https:\/\/novasdodia.com.br\/index.php\/wp-json\/wp\/v2\/posts\/45560","targetHints":{"allow":["GET"]}}],"collection":[{"href":"https:\/\/novasdodia.com.br\/index.php\/wp-json\/wp\/v2\/posts"}],"about":[{"href":"https:\/\/novasdodia.com.br\/index.php\/wp-json\/wp\/v2\/types\/post"}],"author":[{"embeddable":true,"href":"https:\/\/novasdodia.com.br\/index.php\/wp-json\/wp\/v2\/users\/1"}],"replies":[{"embeddable":true,"href":"https:\/\/novasdodia.com.br\/index.php\/wp-json\/wp\/v2\/comments?post=45560"}],"version-history":[{"count":0,"href":"https:\/\/novasdodia.com.br\/index.php\/wp-json\/wp\/v2\/posts\/45560\/revisions"}],"wp:attachment":[{"href":"https:\/\/novasdodia.com.br\/index.php\/wp-json\/wp\/v2\/media?parent=45560"}],"wp:term":[{"taxonomy":"category","embeddable":true,"href":"https:\/\/novasdodia.com.br\/index.php\/wp-json\/wp\/v2\/categories?post=45560"},{"taxonomy":"post_tag","embeddable":true,"href":"https:\/\/novasdodia.com.br\/index.php\/wp-json\/wp\/v2\/tags?post=45560"}],"curies":[{"name":"wp","href":"https:\/\/api.w.org\/{rel}","templated":true}]}}