{"id":45773,"date":"2026-02-05T10:18:49","date_gmt":"2026-02-05T13:18:49","guid":{"rendered":"https:\/\/novasdodia.com.br\/index.php\/2026\/02\/05\/semed-realiza-4o-seminario-de-gestores-da-reme-cgnoticias\/"},"modified":"2026-02-05T10:18:49","modified_gmt":"2026-02-05T13:18:49","slug":"semed-realiza-4o-seminario-de-gestores-da-reme-cgnoticias","status":"publish","type":"post","link":"https:\/\/novasdodia.com.br\/index.php\/2026\/02\/05\/semed-realiza-4o-seminario-de-gestores-da-reme-cgnoticias\/","title":{"rendered":"Semed realiza 4\u00ba Semin\u00e1rio de Gestores da Reme \u2013 CGNot\u00edcias"},"content":{"rendered":"<p><\/p>\n<div>\n<p>A Secretaria Municipal de Educa\u00e7\u00e3o (Semed) de Campo Grande realizou, na manh\u00e3 de ontem, quarta-feira (4), o 4\u00ba Semin\u00e1rio de Gestores da Rede Municipal de Ensino (Reme), com o tema \u201cUma educa\u00e7\u00e3o que transforma\u201d. O evento aconteceu no Centro de Conven\u00e7\u00f5es Arquiteto Rubens Gil de Camillo e reuniu gestores das unidades escolares da rede com o objetivo de promover alinhamentos estrat\u00e9gicos para o ano letivo de 2026.<\/p>\n<p>O semin\u00e1rio marcou a abertura oficial dos trabalhos pedag\u00f3gicos do ano, proporcionando um espa\u00e7o de di\u00e1logo, forma\u00e7\u00e3o e integra\u00e7\u00e3o entre os gestores escolares e a equipe t\u00e9cnica da Semed. A programa\u00e7\u00e3o teve in\u00edcio com uma apresenta\u00e7\u00e3o cultural do ilusionista Thiper, que trouxe uma mensagem inspiradora sobre criatividade, prop\u00f3sito e transforma\u00e7\u00e3o, dando o tom do encontro.<\/p>\n<p>Durante os pronunciamentos, o secret\u00e1rio municipal de Educa\u00e7\u00e3o, professor Lucas Henrique Bitencourt, destacou a relev\u00e2ncia do semin\u00e1rio como um momento fundamental de escuta, alinhamento e planejamento coletivo.<\/p>\n<p>\u201cEste semin\u00e1rio \u00e9 um espa\u00e7o estrat\u00e9gico para alinharmos diretrizes, fortalecermos a gest\u00e3o escolar e reafirmarmos nosso compromisso com uma educa\u00e7\u00e3o p\u00fablica de qualidade, que transforma realidades e prepara nossas unidades para os desafios do ano letivo de 2026. O gestor escolar \u00e9 pe\u00e7a-chave nesse processo, e investir em forma\u00e7\u00e3o e di\u00e1logo \u00e9 essencial para avan\u00e7armos como rede\u201d, afirmou.<\/p>\n<figure class=\"wp-block-image size-large\"><\/figure>\n<p>A programa\u00e7\u00e3o t\u00e9cnica contou com uma s\u00e9rie de palestras voltadas \u00e0 forma\u00e7\u00e3o e ao aprimoramento da gest\u00e3o educacional. O primeiro palestrante foi o Dr. Di\u00f3genes Augusto Ferracini Silveira Duarte, analista judici\u00e1rio do Tribunal de Justi\u00e7a de Mato Grosso do Sul e assessor t\u00e9cnico especializado da Coordenadoria da Inf\u00e2ncia e Juventude, que abordou temas relacionados \u00e0 responsabilidade, gest\u00e3o e atua\u00e7\u00e3o institucional.<\/p>\n<p>Na sequ\u00eancia, a superintendente de Pol\u00edticas Educacionais da Reme, professora Ana Cristina Cantero Dorsa Lima, apresentou diretrizes e orienta\u00e7\u00f5es estrat\u00e9gicas para o fortalecimento das pol\u00edticas educacionais da rede. A superintendente de Gest\u00e3o e Normas da Semed, professora Clarice de Oliveira Cassol Miranda, deu continuidade \u00e0 programa\u00e7\u00e3o, trazendo esclarecimentos importantes sobre organiza\u00e7\u00e3o, normas e processos administrativos.<\/p>\n<p>O evento contou com a fala da representante do Sans Club Campo Grande, Cinara, refor\u00e7ando a import\u00e2ncia do trabalho conjunto em prol da educa\u00e7\u00e3o. O semin\u00e1rio consolida-se como um momento essencial de prepara\u00e7\u00e3o, integra\u00e7\u00e3o e fortalecimento da gest\u00e3o escolar da Reme para o ano letivo de 2026.<\/p>\n<p>Encerrando o ciclo de palestras, o secret\u00e1rio municipal de Educa\u00e7\u00e3o, professor Lucas Henrique Bitencourt, ministrou uma apresenta\u00e7\u00e3o com foco na forma\u00e7\u00e3o continuada de gestores educacionais e sua implica\u00e7\u00e3o no planejamento de uma gest\u00e3o estrat\u00e9gica e criativa, refor\u00e7ando o papel da lideran\u00e7a escolar na constru\u00e7\u00e3o de uma educa\u00e7\u00e3o transformadora.<\/p>\n<figure class=\"wp-block-gallery has-nested-images columns-default is-cropped wp-block-gallery-2 is-layout-flex wp-block-gallery-is-layout-flex\">\n<figure class=\"wp-block-image size-large\"><\/figure>\n<figure class=\"wp-block-image size-large\"><\/figure>\n<figure class=\"wp-block-image size-large\"><\/figure>\n<\/figure>\n<p>#ParaTodosVerem<\/p>\n<p>A foto de capa mostra os gestores da escola durante o evento <\/p>\n<\/div>\n<p><script async defer async defer src=\"https:\/\/connect.facebook.net\/en_US\/sdk.js?ver=1#xfbml=1&amp;version=v3.2\" id=\"prefeitura-campogrande-script-facebook-sdk-js\"><\/script><\/p>\n","protected":false},"excerpt":{"rendered":"<p>A Secretaria Municipal de Educa\u00e7\u00e3o (Semed) de Campo Grande realizou, na manh\u00e3 de ontem, quarta-feira (4), o 4\u00ba Semin\u00e1rio de Gestores da Rede Municipal de Ensino (Reme), com o tema \u201cUma educa\u00e7\u00e3o que transforma\u201d. O evento aconteceu no Centro de Conven\u00e7\u00f5es Arquiteto Rubens Gil de Camillo e reuniu gestores das unidades escolares da rede com [&hellip;]<\/p>\n","protected":false},"author":1,"featured_media":0,"comment_status":"","ping_status":"","sticky":false,"template":"","format":"standard","meta":{"footnotes":""},"categories":[],"tags":[],"class_list":["post-45773","post","type-post","status-publish","format-standard","hentry"],"amp_enabled":true,"_links":{"self":[{"href":"https:\/\/novasdodia.com.br\/index.php\/wp-json\/wp\/v2\/posts\/45773","targetHints":{"allow":["GET"]}}],"collection":[{"href":"https:\/\/novasdodia.com.br\/index.php\/wp-json\/wp\/v2\/posts"}],"about":[{"href":"https:\/\/novasdodia.com.br\/index.php\/wp-json\/wp\/v2\/types\/post"}],"author":[{"embeddable":true,"href":"https:\/\/novasdodia.com.br\/index.php\/wp-json\/wp\/v2\/users\/1"}],"replies":[{"embeddable":true,"href":"https:\/\/novasdodia.com.br\/index.php\/wp-json\/wp\/v2\/comments?post=45773"}],"version-history":[{"count":0,"href":"https:\/\/novasdodia.com.br\/index.php\/wp-json\/wp\/v2\/posts\/45773\/revisions"}],"wp:attachment":[{"href":"https:\/\/novasdodia.com.br\/index.php\/wp-json\/wp\/v2\/media?parent=45773"}],"wp:term":[{"taxonomy":"category","embeddable":true,"href":"https:\/\/novasdodia.com.br\/index.php\/wp-json\/wp\/v2\/categories?post=45773"},{"taxonomy":"post_tag","embeddable":true,"href":"https:\/\/novasdodia.com.br\/index.php\/wp-json\/wp\/v2\/tags?post=45773"}],"curies":[{"name":"wp","href":"https:\/\/api.w.org\/{rel}","templated":true}]}}