{"id":46592,"date":"2026-02-25T13:18:35","date_gmt":"2026-02-25T16:18:35","guid":{"rendered":"https:\/\/novasdodia.com.br\/index.php\/2026\/02\/25\/prefeitura-inicia-construcao-da-vila-olimpica-de-rio-das-pedras-na-zona-sudoeste-prefeitura-da-cidade-do-rio-de-janeiro\/"},"modified":"2026-02-25T13:18:35","modified_gmt":"2026-02-25T16:18:35","slug":"prefeitura-inicia-construcao-da-vila-olimpica-de-rio-das-pedras-na-zona-sudoeste-prefeitura-da-cidade-do-rio-de-janeiro","status":"publish","type":"post","link":"https:\/\/novasdodia.com.br\/index.php\/2026\/02\/25\/prefeitura-inicia-construcao-da-vila-olimpica-de-rio-das-pedras-na-zona-sudoeste-prefeitura-da-cidade-do-rio-de-janeiro\/","title":{"rendered":"Prefeitura inicia constru\u00e7\u00e3o da Vila Ol\u00edmpica de Rio das Pedras, na Zona Sudoeste &#8211; Prefeitura da Cidade do Rio de Janeiro"},"content":{"rendered":"<p><\/p>\n<div wp_automatic_readability=\"72.378248653711\">\n<div class=\"image-post\" wp_automatic_readability=\"33\">\n                     O novo equipamento p\u00fablico ocupar\u00e1 uma \u00e1rea de 18 mil metros quadrados &#8211; Beth Santos\/Prefeitura do Rio                  <\/div>\n<p>O prefeito do Rio, Eduardo Paes, participou, nesta quarta-feira (25\/2), do in\u00edcio da constru\u00e7\u00e3o da Vila Ol\u00edmpica de Rio das Pedras, na Zona Sudoeste. Com investimento de R$ 28,9 milh\u00f5es, o novo equipamento p\u00fablico ocupar\u00e1 uma \u00e1rea de 18 mil metros quadrados e ser\u00e1 destinado \u00e0 promo\u00e7\u00e3o do esporte, da inclus\u00e3o social e da qualidade de vida da popula\u00e7\u00e3o.<\/p>\n<blockquote wp_automatic_readability=\"10\">\n<p>\u2013 Vilas Ol\u00edmpicas s\u00e3o uma pol\u00edtica p\u00fablica iniciada muitos anos atr\u00e1s. Trata-se de uma grande \u00e1rea de lazer qualificada com foco no esporte para a popula\u00e7\u00e3o usufruir. Al\u00e9m disso, tem a quest\u00e3o do alto-rendimento. Podemos descobrir v\u00e1rios atletas espalhados pela cidade, que muitas vezes n\u00e3o conseguem ter um lugar para treinar \u2013 afirmou o prefeito Eduardo Paes.<\/p>\n<\/blockquote>\n<p>A iniciativa representa um avan\u00e7o para a regi\u00e3o, que passar\u00e1 a contar com uma estrutura esportiva ampla e acess\u00edvel. A obra atender\u00e1 uma demanda hist\u00f3rica dos moradores, tem previs\u00e3o de conclus\u00e3o em 18 meses e ser\u00e1 executada pela Secretaria Municipal de Infraestrutura, em parceria com a Secretaria Municipal de Esportes.<\/p>\n<blockquote wp_automatic_readability=\"9\">\n<p>\u2013 N\u00e3o \u00e9 todo dia que iniciamos uma obra de Vila Ol\u00edmpica. Temos mais duas para serem constru\u00eddas na cidade, mas essa aqui demonstra o olhar atento dessa gest\u00e3o para quem mais precisa. Ser\u00e3o quase R$ 30 milh\u00f5es de investimento nessa Vila Ol\u00edmpica \u2013 disse o vice-prefeito Eduardo Cavaliere.<\/p>\n<\/blockquote>\n<p>O complexo foi projetado para atender diferentes modalidades e faixas et\u00e1rias. Entre os principais equipamentos previstos est\u00e3o campo de futebol society, com dimens\u00f5es de 50 metros por 30 metros, pista de atletismo de 250 metros no entorno, com raia de 100 metros, e arquibancadas para o p\u00fablico durante treinos e competi\u00e7\u00f5es. O projeto inclui ainda quadra poliesportiva e gin\u00e1sio poliesportivo, com arquibancadas e vesti\u00e1rios feminino, masculino e adaptado para pessoas com defici\u00eancia.<\/p>\n<p>Um dos destaques ser\u00e1 o parque aqu\u00e1tico, com piscina semiol\u00edmpica de 25 metros, piscina infantil e vesti\u00e1rios feminino, masculino e PCD. A estrutura permitir\u00e1 o desenvolvimento de atividades de inicia\u00e7\u00e3o esportiva, forma\u00e7\u00e3o de atletas e programas de sa\u00fade, ampliando o acesso da popula\u00e7\u00e3o \u00e0 pr\u00e1tica da nata\u00e7\u00e3o.<\/p>\n<blockquote wp_automatic_readability=\"11\">\n<p>\u2013 Atualmente, cuidamos de 28 Vilas Ol\u00edmpicas. Essa ser\u00e1 a nossa 29\u00aa. Atendemos quase 70 mil pessoas nesses equipamentos e s\u00f3 nessa aqui vamos atender quatro mil pessoas dessa regi\u00e3o, com diversas modalidades esportivas. O projeto da Vila Ol\u00edmpica ficou como a popula\u00e7\u00e3o queria \u2013 declarou o secret\u00e1rio de Esportes, Guilherme Schleder.<\/p>\n<\/blockquote>\n<p>Al\u00e9m das modalidades tradicionais, o projeto contempla pista de skate, Academia da Terceira Idade (ATI) e parque infantil. O complexo contar\u00e1 ainda com pr\u00e9dio de apoio com setor administrativo, departamento m\u00e9dico, sala de professores e cinco salas de atividades, com 72 metros quadrados cada, destinadas a aulas de lutas, dan\u00e7as e outras pr\u00e1ticas esportivas e culturais.<\/p>\n<blockquote wp_automatic_readability=\"10\">\n<p>\u2013 A Vila Ol\u00edmpica \u00e9 uma pol\u00edtica p\u00fablica da Prefeitura do Rio. Esse equipamento ficar\u00e1 numa \u00e1rea de 18 mil metros quadrados. Um espa\u00e7o com muita qualidade que ser\u00e1 muito importante para a comunidade, para os moradores de Rio das Pedras \u2013 disse o secret\u00e1rio de Infraestrutura, Wanderson Santos.<\/p>\n<\/blockquote>\n<p>Complementando a estrutura, est\u00e3o previstos estacionamento, urbaniza\u00e7\u00e3o do entorno e \u00e1rea de servi\u00e7o, garantindo acessibilidade, organiza\u00e7\u00e3o e suporte operacional ao funcionamento do equipamento.<\/p>\n<p>             <!-- Compartilhe ---><\/p>\n<p>\t\t\t <!-- TAGS --><\/p>\n<section class=\"category-tags\">\n<div class=\"marcacao-category\">\n<article class=\"category-post\">\n<p>Categoria: <\/p>\n<\/article>\n<li>25 de fevereiro de 2026<\/li><\/div>\n<article class=\"tags\">\n\t\t\t\t\tMarca\u00e7\u00f5es: Esporte modalidades esportivas obra Prefeitura do Rio Vila Ol\u00edmpica de Rio das Pedras<br \/><\/article>\n<\/section>\n<p>            <!-- Mais Not&iacute;cias --><\/p>\n<p>\t\t<!-- Conte&uacute;do SIDEBAR --><\/p><\/div>\n","protected":false},"excerpt":{"rendered":"<p>O novo equipamento p\u00fablico ocupar\u00e1 uma \u00e1rea de 18 mil metros quadrados &#8211; Beth Santos\/Prefeitura do Rio O prefeito do Rio, Eduardo Paes, participou, nesta quarta-feira (25\/2), do in\u00edcio da constru\u00e7\u00e3o da Vila Ol\u00edmpica de Rio das Pedras, na Zona Sudoeste. Com investimento de R$ 28,9 milh\u00f5es, o novo equipamento p\u00fablico ocupar\u00e1 uma \u00e1rea de [&hellip;]<\/p>\n","protected":false},"author":1,"featured_media":0,"comment_status":"","ping_status":"","sticky":false,"template":"","format":"standard","meta":{"footnotes":""},"categories":[1],"tags":[],"class_list":["post-46592","post","type-post","status-publish","format-standard","hentry","category-noticias"],"amp_enabled":true,"_links":{"self":[{"href":"https:\/\/novasdodia.com.br\/index.php\/wp-json\/wp\/v2\/posts\/46592","targetHints":{"allow":["GET"]}}],"collection":[{"href":"https:\/\/novasdodia.com.br\/index.php\/wp-json\/wp\/v2\/posts"}],"about":[{"href":"https:\/\/novasdodia.com.br\/index.php\/wp-json\/wp\/v2\/types\/post"}],"author":[{"embeddable":true,"href":"https:\/\/novasdodia.com.br\/index.php\/wp-json\/wp\/v2\/users\/1"}],"replies":[{"embeddable":true,"href":"https:\/\/novasdodia.com.br\/index.php\/wp-json\/wp\/v2\/comments?post=46592"}],"version-history":[{"count":0,"href":"https:\/\/novasdodia.com.br\/index.php\/wp-json\/wp\/v2\/posts\/46592\/revisions"}],"wp:attachment":[{"href":"https:\/\/novasdodia.com.br\/index.php\/wp-json\/wp\/v2\/media?parent=46592"}],"wp:term":[{"taxonomy":"category","embeddable":true,"href":"https:\/\/novasdodia.com.br\/index.php\/wp-json\/wp\/v2\/categories?post=46592"},{"taxonomy":"post_tag","embeddable":true,"href":"https:\/\/novasdodia.com.br\/index.php\/wp-json\/wp\/v2\/tags?post=46592"}],"curies":[{"name":"wp","href":"https:\/\/api.w.org\/{rel}","templated":true}]}}