{"id":46768,"date":"2026-03-01T01:18:42","date_gmt":"2026-03-01T04:18:42","guid":{"rendered":"https:\/\/novasdodia.com.br\/index.php\/2026\/03\/01\/prefeitura-aplica-mais-de-34-mil-doses-no-dia-d-e-reforca-imunizacao-contra-dengue\/"},"modified":"2026-03-01T01:18:42","modified_gmt":"2026-03-01T04:18:42","slug":"prefeitura-aplica-mais-de-34-mil-doses-no-dia-d-e-reforca-imunizacao-contra-dengue","status":"publish","type":"post","link":"https:\/\/novasdodia.com.br\/index.php\/2026\/03\/01\/prefeitura-aplica-mais-de-34-mil-doses-no-dia-d-e-reforca-imunizacao-contra-dengue\/","title":{"rendered":"Prefeitura aplica mais de 3,4 mil doses no Dia D e refor\u00e7a imuniza\u00e7\u00e3o contra dengue"},"content":{"rendered":"<p><\/p>\n<div>\n<p>O Dia D de Multivacina\u00e7\u00e3o, realizado neste s\u00e1bado (28), resultou na aplica\u00e7\u00e3o de 3.447 doses em diversas salas de vacina e em tr\u00eas pontos m\u00f3veis estrat\u00e9gicos coordenadas pela Prefeitura de Jo\u00e3o Pessoa, atrav\u00e9s da Secretaria de Sa\u00fade da Capital. A a\u00e7\u00e3o teve o objetivo de incentivar a popula\u00e7\u00e3o a atualizar a caderneta vacinal, principalmente crian\u00e7as e adolescentes de 10 a 14 anos, p\u00fablico priorit\u00e1rio para a imuniza\u00e7\u00e3o vacinal contra a dengue, com a vacina Qdenga.<\/p>\n<figure class=\"wp-block-gallery has-nested-images columns-default is-cropped wp-block-gallery-1 is-layout-flex wp-block-gallery-is-layout-flex\">\n<figure class=\"wp-block-image size-large\"><\/figure>\n<figure class=\"wp-block-image size-large\"><\/figure>\n<\/figure>\n<p>\u00a0\u201cO Dia D \u00e9 uma estrat\u00e9gia essencial para ampliar o acesso \u00e0s vacinas e elevar as coberturas vacinais. Manter \u00edndices adequados \u00e9 fundamental para garantir prote\u00e7\u00e3o coletiva e evitar o retorno de doen\u00e7as j\u00e1 controladas. Tamb\u00e9m \u00e9 importante refor\u00e7ar que as vacinas s\u00e3o seguras, eficazes e passam por rigoroso controle. Combater a desinforma\u00e7\u00e3o \u00e9 parte fundamental do fortalecimento da imuniza\u00e7\u00e3o e da prote\u00e7\u00e3o da nossa popula\u00e7\u00e3o\u201d, destacou Fernando Virgolino, coordenador de Vacina\u00e7\u00e3o da Secretaria de Sa\u00fade de Jo\u00e3o Pessoa.<\/p>\n<p>Os profissionais de sa\u00fade alertam pais e respons\u00e1veis sobre a necessidade de iniciar ou completar o esquema vacinal, garantindo prote\u00e7\u00e3o adequada contra a doen\u00e7a. A imuniza\u00e7\u00e3o contra a dengue \u00e9 realizada com a vacina Qdenga, aplicada gratuitamente na Rede Municipal de Sa\u00fade, indicada para prote\u00e7\u00e3o contra os quatro sorotipos do v\u00edrus da dengue.<\/p>\n<figure class=\"wp-block-image size-large\"><\/figure>\n<p>Os pais devem ter aten\u00e7\u00e3o para o esquema vacinal, que prev\u00ea duas doses, com intervalo de 90 dias entre elas, pois o esquema incompleto compromete a efic\u00e1cia da vacina. De acordo com dados do DataSUS, em Jo\u00e3o Pessoa mais de 25,2 mil crian\u00e7as e adolescentes receberam a primeira dose do imunizante. No entanto, n\u00e3o chega a 10.700 o n\u00famero daqueles que retornaram para completar o esquema com a segunda dose.<\/p>\n<p>A professora Daniela Almeida, aproveitou o Dia D para vacinar a filha, L\u00edvia, de 9 anos, e Melissa, tamb\u00e9m de 9 anos, amiguinha da filha para tomar a vacina HPV no posto do Shopping Sul, no bairro dos Banc\u00e1rios. \u201cAcho importante essa a\u00e7\u00e3o preventiva da Prefeitura e no s\u00e1bado melhor ainda porque nem sempre temos disponibilidade durante a semana para atualizar o cart\u00e3o de vacina\u00e7\u00e3o\u201d, disse.<\/p>\n<figure class=\"wp-block-image size-large\"><\/figure>\n<p>Al\u00e9m da vacina contra a dengue, no Dia D de Multivacina\u00e7\u00e3o estavam dispon\u00edveis todas as doses previstas no Calend\u00e1rio Nacional de Vacina\u00e7\u00e3o para todos os p\u00fablicos \u2013 crian\u00e7as, adolescentes, adultos e idosos.<\/p>\n<p>Moradores do bairro Altiplano, Maria do Socorro Gomes, de 90 anos e o marido Ant\u00f4nio Gomes, de 92 anos, vieram juntos ao posto Home Center Ferreira Costa, na BR-230, no bairro Aeroclube para atualizar o cart\u00e3o de vacina acompanhados dos filhos.<\/p>\n<figure class=\"wp-block-image size-large\"><\/figure>\n<p>\u201cEles s\u00e3o l\u00facidos e meu pai foi quem lembrou que tinha que vir vacinar, da\u00ed \u00e9 bom porque \u00e9 num s\u00e1bado e a gente tem mais tempo dispon\u00edvel pra acompanhar eles e passear, se distrair. Muito bom\u201d, afirmou M\u00e9rcia Gomes. Ant\u00f4nio Gomes disse que vieram apenas tomar mais uma dose contra o Covid e que as demais vacinas est\u00e3o em dia.<\/p>\n<p>\u00a0A aposentada Joselena Santos, tamb\u00e9m aproveitou para atualizar o seu cart\u00e3o de vacina. \u201cCom certeza. Vou tomar mais uma dose de Covid, Hepatite B, T\u00e9tano e tamb\u00e9m Febre Amarela. Essa a\u00e7\u00e3o da Prefeitura \u00e9 boa porque a gente toma todas as vacinas de uma s\u00f3 vez, num lugar s\u00f3, e fica protegida\u201d, comemorou.<\/p>\n<figure class=\"wp-block-gallery has-nested-images columns-default is-cropped wp-block-gallery-2 is-layout-flex wp-block-gallery-is-layout-flex\">\n<figure class=\"wp-block-image size-large\"><\/figure>\n<figure class=\"wp-block-image size-large\"><\/figure>\n<figure class=\"wp-block-image size-large\"><\/figure>\n<figure class=\"wp-block-image size-large\"><\/figure>\n<\/figure>\n<p>Ap\u00f3s o Dia D de Multivacina\u00e7\u00e3o, os imunizantes seguem sendo aplicado nas Unidades de Sa\u00fade da Fam\u00edlia (USFs), Policl\u00ednicas Municipais e no Centro de Imuniza\u00e7\u00e3o, conforme determina o Minist\u00e9rio da Sa\u00fade.<\/p>\n<p><strong>Saiba onde se vacinar:<\/strong><\/p>\n<p>Unidades de Sa\u00fade da Fam\u00edlia (USFs)<\/p>\n<p>Centro Municipal de Imuniza\u00e7\u00e3o (Torre)<\/p>\n<p>Policl\u00ednicas Municipais:<\/p>\n<p>Cristo<br \/>Mangabeira<br \/>Mandacaru<br \/>Jaguaribe<br \/>Praias<\/p>\n<p><strong>Pontos extras que funcionam durante a semana:<\/strong><\/p>\n<p>Shopping Sul \u2013 Banc\u00e1rios<\/p>\n<p>Shopping Tambi\u00e1 \u2013 Centro<\/p>\n<p>Ferreira Costa \u2013 BR 230<\/p>\n<p>Quiosque da praia<\/p>\n<p><strong>Hor\u00e1rio:<\/strong> das 8h \u00e0s 12h<\/p>\n<p><strong>Todas as vacinas do calend\u00e1rio de rotina e de campanha:<\/strong><\/p>\n<p>Dengue: adolescentes de 10 a 14 anos;<\/p>\n<p>Influenza: todas as pessoas a partir dos 6 meses de idade;<\/p>\n<p>Covid-19: crian\u00e7as menores de 5 anos e grupos priorit\u00e1rios;<\/p>\n<p>HPV: atualiza\u00e7\u00e3o para o p\u00fablico de 9 a 19 anos;<\/p>\n<p>V\u00edrus Sincicial Respirat\u00f3rio (VSR) tipos A e B: exclusivo para gestantes.<\/p>\n<\/p><\/div>\n","protected":false},"excerpt":{"rendered":"<p>O Dia D de Multivacina\u00e7\u00e3o, realizado neste s\u00e1bado (28), resultou na aplica\u00e7\u00e3o de 3.447 doses em diversas salas de vacina e em tr\u00eas pontos m\u00f3veis estrat\u00e9gicos coordenadas pela Prefeitura de Jo\u00e3o Pessoa, atrav\u00e9s da Secretaria de Sa\u00fade da Capital. A a\u00e7\u00e3o teve o objetivo de incentivar a popula\u00e7\u00e3o a atualizar a caderneta vacinal, principalmente crian\u00e7as [&hellip;]<\/p>\n","protected":false},"author":1,"featured_media":0,"comment_status":"","ping_status":"","sticky":false,"template":"","format":"standard","meta":{"footnotes":""},"categories":[1],"tags":[],"class_list":["post-46768","post","type-post","status-publish","format-standard","hentry","category-noticias"],"amp_enabled":true,"_links":{"self":[{"href":"https:\/\/novasdodia.com.br\/index.php\/wp-json\/wp\/v2\/posts\/46768","targetHints":{"allow":["GET"]}}],"collection":[{"href":"https:\/\/novasdodia.com.br\/index.php\/wp-json\/wp\/v2\/posts"}],"about":[{"href":"https:\/\/novasdodia.com.br\/index.php\/wp-json\/wp\/v2\/types\/post"}],"author":[{"embeddable":true,"href":"https:\/\/novasdodia.com.br\/index.php\/wp-json\/wp\/v2\/users\/1"}],"replies":[{"embeddable":true,"href":"https:\/\/novasdodia.com.br\/index.php\/wp-json\/wp\/v2\/comments?post=46768"}],"version-history":[{"count":0,"href":"https:\/\/novasdodia.com.br\/index.php\/wp-json\/wp\/v2\/posts\/46768\/revisions"}],"wp:attachment":[{"href":"https:\/\/novasdodia.com.br\/index.php\/wp-json\/wp\/v2\/media?parent=46768"}],"wp:term":[{"taxonomy":"category","embeddable":true,"href":"https:\/\/novasdodia.com.br\/index.php\/wp-json\/wp\/v2\/categories?post=46768"},{"taxonomy":"post_tag","embeddable":true,"href":"https:\/\/novasdodia.com.br\/index.php\/wp-json\/wp\/v2\/tags?post=46768"}],"curies":[{"name":"wp","href":"https:\/\/api.w.org\/{rel}","templated":true}]}}