{"id":46771,"date":"2026-03-01T03:24:49","date_gmt":"2026-03-01T06:24:49","guid":{"rendered":"https:\/\/novasdodia.com.br\/index.php\/2026\/03\/01\/cet-rio-altera-transito-no-aterro-do-flamengo-e-na-enseada-de-botafogo-para-corrida-prefeitura-da-cidade-do-rio-de-janeiro\/"},"modified":"2026-03-01T03:24:49","modified_gmt":"2026-03-01T06:24:49","slug":"cet-rio-altera-transito-no-aterro-do-flamengo-e-na-enseada-de-botafogo-para-corrida-prefeitura-da-cidade-do-rio-de-janeiro","status":"publish","type":"post","link":"https:\/\/novasdodia.com.br\/index.php\/2026\/03\/01\/cet-rio-altera-transito-no-aterro-do-flamengo-e-na-enseada-de-botafogo-para-corrida-prefeitura-da-cidade-do-rio-de-janeiro\/","title":{"rendered":"CET-Rio altera tr\u00e2nsito no Aterro do Flamengo e na Enseada de Botafogo para corrida &#8211; Prefeitura da Cidade do Rio de Janeiro"},"content":{"rendered":"<p><\/p>\n<div id=\"main\">\n<div class=\"wrapper-breadcrumbs\" wp_automatic_readability=\"22.23599405057\">\n<p>A CET-Rio vai interditar parcialmente o tr\u00e2nsito na Avenida Infante Dom Henrique (Aterro do Flamengo) e na Avenida das Na\u00e7\u00f5es Unidas (Enseada de Botafogo), neste domingo (1\/3), para a realiza\u00e7\u00e3o da Corrida Fla Run. Para viabilizar o evento esportivo, a interdi\u00e7\u00e3o ao tr\u00e1fego de ve\u00edculos no Aterro do Flamengo ser\u00e1 a partir das 3h de domingo e vai at\u00e9 as 18h, quando encerra o hor\u00e1rio da \u00e1rea de lazer. J\u00e1 a interdi\u00e7\u00e3o da Avenida das Na\u00e7\u00f5es Unidas (Enseada de Botafogo) ser\u00e1 das 4h \u00e0s 11h.<\/p>\n<p>A largada ser\u00e1 realizada a partir das 6h30, no Aterro, em frente ao Monumento aos Mortos da Segunda Guerra Mundial. O percurso seguir\u00e1 pela pista sentido Zona Sul at\u00e9 a Enseada de Botafogo. A recomenda\u00e7\u00e3o aos condutores \u00e9 que utilizem rotas alternativas.<\/p>\n<p><strong>Interdi\u00e7\u00f5es<\/strong><\/p>\n<p><em>Domingo (1\/3)<\/em><br \/>\u2013 Aterro do Flamengo: a partir das 3h at\u00e9 as 18h, final do hor\u00e1rio de funcionamento da \u00e1rea de lazer<br \/>\u2013 Avenida das Na\u00e7\u00f5es Unidas (Enseada de Botafogo): das 4h \u00e0s 11h<\/p>\n<p><strong>Recomenda\u00e7\u00f5es importantes<\/strong><\/p>\n<p>\u2013 Pedestres devem realizar as travessias em locais seguros e sinalizados<br \/>\u2013 \u00c9 fundamental seguir as orienta\u00e7\u00f5es dos agentes de tr\u00e2nsito e da sinaliza\u00e7\u00e3o implantada na \u00e1rea<br \/>\u2013 Prefira o uso do transporte p\u00fablico para chegar ao local do evento e outros deslocamentos pela regi\u00e3o<\/p>\n<p>             <!-- Compartilhe ---><\/p>\n<p>\t\t\t <!-- TAGS --><\/p>\n<section class=\"category-tags\">\n<div class=\"marcacao-category\">\n<article class=\"category-post\">\n<p>Categoria: <\/p>\n<\/article>\n<li>27 de fevereiro de 2026<\/li><\/div>\n<article class=\"tags\">\n\t\t\t\t\tMarca\u00e7\u00f5es: aterro do Flamengo CET-Rio Corrida Enseada de Botafogo interdi\u00e7\u00f5es tr\u00e2nsito<br \/><\/article>\n<\/section>\n<p>            <!-- Mais Not&iacute;cias --><\/p>\n<p>\t\t<!-- Conte&uacute;do SIDEBAR --><\/p><\/div>\n<\/p><\/div>\n","protected":false},"excerpt":{"rendered":"<p>A CET-Rio vai interditar parcialmente o tr\u00e2nsito na Avenida Infante Dom Henrique (Aterro do Flamengo) e na Avenida das Na\u00e7\u00f5es Unidas (Enseada de Botafogo), neste domingo (1\/3), para a realiza\u00e7\u00e3o da Corrida Fla Run. Para viabilizar o evento esportivo, a interdi\u00e7\u00e3o ao tr\u00e1fego de ve\u00edculos no Aterro do Flamengo ser\u00e1 a partir das 3h de [&hellip;]<\/p>\n","protected":false},"author":1,"featured_media":0,"comment_status":"","ping_status":"","sticky":false,"template":"","format":"standard","meta":{"footnotes":""},"categories":[1],"tags":[],"class_list":["post-46771","post","type-post","status-publish","format-standard","hentry","category-noticias"],"amp_enabled":true,"_links":{"self":[{"href":"https:\/\/novasdodia.com.br\/index.php\/wp-json\/wp\/v2\/posts\/46771","targetHints":{"allow":["GET"]}}],"collection":[{"href":"https:\/\/novasdodia.com.br\/index.php\/wp-json\/wp\/v2\/posts"}],"about":[{"href":"https:\/\/novasdodia.com.br\/index.php\/wp-json\/wp\/v2\/types\/post"}],"author":[{"embeddable":true,"href":"https:\/\/novasdodia.com.br\/index.php\/wp-json\/wp\/v2\/users\/1"}],"replies":[{"embeddable":true,"href":"https:\/\/novasdodia.com.br\/index.php\/wp-json\/wp\/v2\/comments?post=46771"}],"version-history":[{"count":0,"href":"https:\/\/novasdodia.com.br\/index.php\/wp-json\/wp\/v2\/posts\/46771\/revisions"}],"wp:attachment":[{"href":"https:\/\/novasdodia.com.br\/index.php\/wp-json\/wp\/v2\/media?parent=46771"}],"wp:term":[{"taxonomy":"category","embeddable":true,"href":"https:\/\/novasdodia.com.br\/index.php\/wp-json\/wp\/v2\/categories?post=46771"},{"taxonomy":"post_tag","embeddable":true,"href":"https:\/\/novasdodia.com.br\/index.php\/wp-json\/wp\/v2\/tags?post=46771"}],"curies":[{"name":"wp","href":"https:\/\/api.w.org\/{rel}","templated":true}]}}