{"id":46778,"date":"2026-03-01T08:12:35","date_gmt":"2026-03-01T11:12:35","guid":{"rendered":"https:\/\/novasdodia.com.br\/index.php\/2026\/03\/01\/capital-recebe-3-mil-visitantes-na-cop15-internacional-cgnoticias\/"},"modified":"2026-03-01T08:12:35","modified_gmt":"2026-03-01T11:12:35","slug":"capital-recebe-3-mil-visitantes-na-cop15-internacional-cgnoticias","status":"publish","type":"post","link":"https:\/\/novasdodia.com.br\/index.php\/2026\/03\/01\/capital-recebe-3-mil-visitantes-na-cop15-internacional-cgnoticias\/","title":{"rendered":"Capital recebe 3 mil visitantes na COP15 internacional \u2013 CGNot\u00edcias"},"content":{"rendered":"<p><\/p>\n<div>\n<p><em>Evento da ONU \u00e9 voltado \u00e0 vida silvestre na regi\u00e3o e projeta Campo Grande no cen\u00e1rio global e fortalece o turismo de neg\u00f3cios<\/em><\/p>\n<p>Campo Grande se organiza para sediar a 15\u00aa Confer\u00eancia das Partes da Conven\u00e7\u00e3o sobre a Conserva\u00e7\u00e3o de Esp\u00e9cies Migrat\u00f3rias de Animais Selvagens (COP15\/CMS), que ser\u00e1 realizada de 23 a 29 de mar\u00e7o de 2026. O evento deve reunir cerca de 3 mil participantes de mais de 130 pa\u00edses, colocando a Capital sul-mato-grossense no centro das discuss\u00f5es globais sobre conserva\u00e7\u00e3o da vida silvestre e desenvolvimento sustent\u00e1vel.<\/p>\n<p>A COP15 \u00e9 o primeiro evento da Organiza\u00e7\u00e3o das Na\u00e7\u00f5es Unidas (ONU) desse porte voltado \u00e0 vida silvestre realizado na regi\u00e3o e projeta Campo Grande no cen\u00e1rio internacional, consolidando o munic\u00edpio como refer\u00eancia em sustentabilidade, turismo de eventos e desenvolvimento alinhado \u00e0 preserva\u00e7\u00e3o ambiental. O slogan da Cop15 \u00e9 \u201cConectando a natureza para sustentar a vida\u201d.<\/p>\n<p>A estrutura da confer\u00eancia est\u00e1 praticamente definida. A Blue Zone, espa\u00e7o oficial das delega\u00e7\u00f5es, ser\u00e1 instalada no Bosque Expo. As demais atividades ocorrer\u00e3o no Bioparque Pantanal e na Casa do Homem Pantaneiro, ambos localizados no Parque das Na\u00e7\u00f5es Ind\u00edgenas, al\u00e9m do Centro de Conven\u00e7\u00f5es Rubens Gil de Camillo, no Parque dos Poderes.<\/p>\n<p>Do ponto de vista econ\u00f4mico, a expectativa \u00e9 de impacto direto no setor de servi\u00e7os. Para o secret\u00e1rio municipal de Meio Ambiente, Gest\u00e3o Urbana e Desenvolvimento Econ\u00f4mico, Tur\u00edstico e Sustent\u00e1vel (Semades), Ademar Silva J\u00fanior, \u00e1reas como hotelaria, bares, restaurantes e transporte urbano devem registrar aumento na demanda.<\/p>\n<p>\u201cA equipe da Semades, em conjunto com outras secretarias, mant\u00e9m di\u00e1logo com o setor hoteleiro e gastron\u00f4mico para garantir estrutura adequada \u00e0s delega\u00e7\u00f5es estrangeiras\u201d, destaca o secret\u00e1rio.<\/p>\n<p>Um dos principais reflexos deve ser sentido na rede hoteleira. Conforme dados da secretaria, atualmente a taxa m\u00e9dia de ocupa\u00e7\u00e3o em Campo Grande varia entre 52% e 56%, com m\u00e9dia aproximada de 54% ao m\u00eas. Esse \u00edndice costuma ultrapassar esse patamar apenas em per\u00edodos de grandes eventos. A expectativa \u00e9 de crescimento durante a realiza\u00e7\u00e3o da confer\u00eancia, sendo que o percentual consolidado ser\u00e1 apurado ap\u00f3s o evento, conforme levantamento mensal junto aos estabelecimentos.<\/p>\n<figure class=\"wp-block-image size-large\"><\/figure>\n<p><em>Foto: Passageiros no Aeroporto Internacional de Campo Grande.<\/em><\/p>\n<p><strong>Fortalecimento da economia local<\/strong><\/p>\n<p>Considerando que, em m\u00e9dia, um turista gasta cerca de R$ 684,00 por dia na Capital, entre hospedagem, alimenta\u00e7\u00e3o e transporte, a presen\u00e7a estimada de 3 mil participantes representa potencial significativo de circula\u00e7\u00e3o de recursos na economia local.<\/p>\n<p>Hot\u00e9is, restaurantes, bares, cafeterias, motoristas de t\u00e1xi e de aplicativos, al\u00e9m de micro e pequenos empreendedores, devem sentir os reflexos do aumento no fluxo de visitantes. O impacto tamb\u00e9m se estende ao com\u00e9rcio, fornecedores, prestadores de servi\u00e7os e demais segmentos que comp\u00f5em a cadeia produtiva urbana, ampliando a gera\u00e7\u00e3o de renda de forma direta e indireta.<\/p>\n<p>A realiza\u00e7\u00e3o de uma confer\u00eancia global da ONU em Campo Grande refor\u00e7a a imagem da cidade como destino preparado para sediar eventos de grande porte, especialmente os ligados \u00e0 agenda ambiental, ressaltando que a Capital foi reconhecida seis vezes com o t\u00edtulo de Tree City of the World, Cidade \u00c1rvore do Mundo e consolidada como refer\u00eancia em pol\u00edticas ambientais urbanas.<\/p>\n<p>Para o gerente de Turismo, Wantuyr Tartari, o momento \u00e9 estrat\u00e9gico para o munic\u00edpio. \u201cA realiza\u00e7\u00e3o da COP15 em Campo Grande representa um marco hist\u00f3rico para o turismo da nossa Capital. Al\u00e9m de projetar o munic\u00edpio no cen\u00e1rio internacional como refer\u00eancia em sustentabilidade e conserva\u00e7\u00e3o ambiental, o evento fortalece nossa voca\u00e7\u00e3o para o turismo de neg\u00f3cios e eventos, movimentando toda a cadeia produtiva local\u201d.<\/p>\n<p>Com a visibilidade internacional, a expectativa \u00e9 que Campo Grande amplie sua presen\u00e7a no calend\u00e1rio de grandes encontros t\u00e9cnicos, congressos e feiras, consolidando-se como polo regional para o turismo de eventos.<\/p>\n<figure class=\"wp-block-image size-large\"><\/figure>\n<p><em>Foto: Rapaz durante hospedagem em hotel da Capital. <\/em><\/p>\n<p><strong>Capacita\u00e7\u00e3o e legado duradouro<\/strong><\/p>\n<p>Para fortalecer as a\u00e7\u00f5es em torno da COP15, a Semades tem promovido capacita\u00e7\u00f5es com profissionais da hotelaria e de atrativos tur\u00edsticos. O objetivo \u00e9 prepar\u00e1-los para atuarem como multiplicadores de informa\u00e7\u00f5es sobre a cidade e refor\u00e7ar o sentimento de pertencimento e valoriza\u00e7\u00e3o da cultura local.<\/p>\n<p>A qualifica\u00e7\u00e3o busca aprimorar a hospitalidade e garantir uma experi\u00eancia positiva aos visitantes, deixando um legado que vai al\u00e9m do per\u00edodo da confer\u00eancia.<\/p>\n<figure class=\"wp-block-image size-large\"><\/figure>\n<p><em>Foto<\/em>: <em>Passageiros no Aeroporto Internacional de Campo Grande<\/em>.<\/p>\n<p><strong>Entre os resultados esperados est\u00e3o:<\/strong><\/p>\n<p>Amplia\u00e7\u00e3o da ocupa\u00e7\u00e3o dos meios de hospedagem;<\/p>\n<p>Fortalecimento dos servi\u00e7os de alimenta\u00e7\u00e3o, transporte e log\u00edstica;<\/p>\n<p>Maior visibilidade internacional para a cidade e seus produtos culturais;<\/p>\n<p>Consolida\u00e7\u00e3o de Campo Grande no circuito de eventos nacionais e internacionais.<\/p>\n<p>Assim, a COP15 \u00e9 vista como uma oportunidade estrat\u00e9gica para impulsionar o desenvolvimento econ\u00f4mico e posicionar Campo Grande como destino competitivo no cen\u00e1rio global de turismo de neg\u00f3cios e sustentabilidade.<\/p>\n<p><em>#ParaTodosVerem: Imagens de passageiros no Aeroporto Internacional de Campo Grande e de turista em hotel de Campo Grande.<\/em><\/p>\n<\/div>\n<p><script async defer async defer src=\"https:\/\/connect.facebook.net\/en_US\/sdk.js?ver=1#xfbml=1&amp;version=v3.2\" id=\"prefeitura-campogrande-script-facebook-sdk-js\"><\/script><\/p>\n","protected":false},"excerpt":{"rendered":"<p>Evento da ONU \u00e9 voltado \u00e0 vida silvestre na regi\u00e3o e projeta Campo Grande no cen\u00e1rio global e fortalece o turismo de neg\u00f3cios Campo Grande se organiza para sediar a 15\u00aa Confer\u00eancia das Partes da Conven\u00e7\u00e3o sobre a Conserva\u00e7\u00e3o de Esp\u00e9cies Migrat\u00f3rias de Animais Selvagens (COP15\/CMS), que ser\u00e1 realizada de 23 a 29 de mar\u00e7o [&hellip;]<\/p>\n","protected":false},"author":1,"featured_media":0,"comment_status":"","ping_status":"","sticky":false,"template":"","format":"standard","meta":{"footnotes":""},"categories":[],"tags":[],"class_list":["post-46778","post","type-post","status-publish","format-standard","hentry"],"amp_enabled":true,"_links":{"self":[{"href":"https:\/\/novasdodia.com.br\/index.php\/wp-json\/wp\/v2\/posts\/46778","targetHints":{"allow":["GET"]}}],"collection":[{"href":"https:\/\/novasdodia.com.br\/index.php\/wp-json\/wp\/v2\/posts"}],"about":[{"href":"https:\/\/novasdodia.com.br\/index.php\/wp-json\/wp\/v2\/types\/post"}],"author":[{"embeddable":true,"href":"https:\/\/novasdodia.com.br\/index.php\/wp-json\/wp\/v2\/users\/1"}],"replies":[{"embeddable":true,"href":"https:\/\/novasdodia.com.br\/index.php\/wp-json\/wp\/v2\/comments?post=46778"}],"version-history":[{"count":0,"href":"https:\/\/novasdodia.com.br\/index.php\/wp-json\/wp\/v2\/posts\/46778\/revisions"}],"wp:attachment":[{"href":"https:\/\/novasdodia.com.br\/index.php\/wp-json\/wp\/v2\/media?parent=46778"}],"wp:term":[{"taxonomy":"category","embeddable":true,"href":"https:\/\/novasdodia.com.br\/index.php\/wp-json\/wp\/v2\/categories?post=46778"},{"taxonomy":"post_tag","embeddable":true,"href":"https:\/\/novasdodia.com.br\/index.php\/wp-json\/wp\/v2\/tags?post=46778"}],"curies":[{"name":"wp","href":"https:\/\/api.w.org\/{rel}","templated":true}]}}