{"id":46787,"date":"2026-03-01T13:54:40","date_gmt":"2026-03-01T16:54:40","guid":{"rendered":"https:\/\/novasdodia.com.br\/index.php\/2026\/03\/01\/inscricoes-para-microcredito-eu-posso-diversidade-seguem-nesta-segunda-feira\/"},"modified":"2026-03-01T13:54:40","modified_gmt":"2026-03-01T16:54:40","slug":"inscricoes-para-microcredito-eu-posso-diversidade-seguem-nesta-segunda-feira","status":"publish","type":"post","link":"https:\/\/novasdodia.com.br\/index.php\/2026\/03\/01\/inscricoes-para-microcredito-eu-posso-diversidade-seguem-nesta-segunda-feira\/","title":{"rendered":"Inscri\u00e7\u00f5es para microcr\u00e9dito \u2018Eu Posso Diversidade\u2019 seguem nesta segunda-feira"},"content":{"rendered":"<p><\/p>\n<div>\n<p>As inscri\u00e7\u00f5es para solicita\u00e7\u00e3o de microcr\u00e9dito do edital \u2018Eu Posso Diversidade\u2019 continuam nesta segunda-feira (2). A iniciativa \u00e9 voltada para pessoas da comunidade LGBTQIA+ em uma parceria da Secretaria de Desenvolvimento Econ\u00f4mico e Trabalho (Sedest) e Secretaria de Gest\u00e3o Governamental (Seggov), atrav\u00e9s da Coordenadoria de Promo\u00e7\u00e3o \u00e0 Cidadania LGBT. As inscri\u00e7\u00f5es s\u00e3o feitas, das 9h \u00e0s 13h, na Rua Diogo Velho, 150, Centro.<\/p>\n<figure class=\"wp-block-image size-large\"><\/figure>\n<p>As pessoas interessadas devem passar por uma triagem feita pela equipe t\u00e9cnica da Coordenadoria LGBT, levando os seguintes documentos: RG, CPF, comprovante de resid\u00eancia, certid\u00e3o negativa da Prefeitura, comprovante de quita\u00e7\u00e3o do CPF. Em seguida, j\u00e1 s\u00e3o encaminhadas at\u00e9 a Sedest para completar o processo de solicita\u00e7\u00e3o do microcr\u00e9dito.<\/p>\n<p>Aberto na \u00faltima sexta-feira (27), o per\u00edodo de inscri\u00e7\u00e3o para a nova linha de cr\u00e9dito foi bem recebida pela popula\u00e7\u00e3o LGBTQIA+. Ariane Santana trabalha com cestas personalizadas e viu no edital uma grande oportunidade para aprimorar seu trabalho e, assim, poder expandir seu neg\u00f3cio beneficiando seus clientes.<\/p>\n<p>\u201c\u00c9 muito importante pra gente contar com este microcr\u00e9dito. Penso em comprar equipamentos e materiais que uso mais. Muitas vezes, termino terceirizando alguns servi\u00e7os. Com esse valor ser\u00e1 poss\u00edvel baratear o custo para a clientela\u201d, disse.<\/p>\n<figure class=\"wp-block-gallery has-nested-images columns-default is-cropped wp-block-gallery-1 is-layout-flex wp-block-gallery-is-layout-flex\">\n<figure class=\"wp-block-image size-large\"><\/figure>\n<figure class=\"wp-block-image size-large\"><\/figure>\n<\/figure>\n<p>J\u00e1 Adriana Alves atua na \u00e1rea de consertos eletr\u00f4nicos. Ela disse estar entusiasmada com a possibilidade, pois n\u00e3o \u00e9 f\u00e1cil encontrar emprego ou obter qualquer linha de cr\u00e9dito por causa do preconceito.<\/p>\n<p>\u201cN\u00e3o \u00e9 f\u00e1cil encontrar emprego. Mandamos curr\u00edculo, somos chamadas, mas na hora da entrevista a gente j\u00e1 sente o preconceito, j\u00e1 sabe que n\u00e3o vai ser chamada. Ent\u00e3o o melhor caminho para mim \u00e9 empreender e esta oportunidade \u00e9 muito maravilhosa porque vai garantir alguma autonomia pra gente que n\u00e3o consegue se inserir no mercado de trabalho\u201d, afirmou Adriana.<\/p>\n<p><strong>Eu Posso Diversidade<\/strong> \u2013 A linha de microcr\u00e9dito \u00e9 diferenciada. Al\u00e9m de n\u00e3o haver consulta no Sistema de Prote\u00e7\u00e3o ao Cr\u00e9dito e Serasa, oferta R$ 10 mil para Pessoa F\u00edsica e R$ 20 mil para Pessoa Jur\u00eddica, tamb\u00e9m h\u00e1 car\u00eancia de seis meses. As solicita\u00e7\u00f5es poder\u00e3o ser feitas at\u00e9 o m\u00eas de novembro.<\/p>\n<p>\u201cNosso compromisso \u00e9 assegurar que o \u2018Eu Posso Diversidade\u2019 seja um instrumento de desenvolvimento com equidade, acolhimento e dignidade. Quando garantimos oportunidades iguais, estimulamos inova\u00e7\u00e3o, movimentamos a economia e constru\u00edmos uma cidade mais justa e inclusiva\u201d, afirmou o secret\u00e1rio de Desenvolvimento Econ\u00f4mico e Trabalho, Bruno Farias.<\/p>\n<p>Para o coordenador de Promo\u00e7\u00e3o \u00e0 Cidadania LBGT, Geraldo Filho, o programa \u201cEu Posso Diversidade\u201d mostra o quanto a Prefeitura de Jo\u00e3o Pessoa est\u00e1 comprometida com a popula\u00e7\u00e3o LGBTQIA+. \u201cSabemos que \u00e9 uma popula\u00e7\u00e3o bastante exclu\u00edda do mercado de trabalho e uma linha de cr\u00e9dito voltada para esta popula\u00e7\u00e3o, sem d\u00favida, garante direitos e cidadania\u201d, falou.<\/p>\n<p>Para mais informa\u00e7\u00f5es: 83 9394-3402 (WA da Coordenadoria LGBT).<\/p>\n<\/p><\/div>\n","protected":false},"excerpt":{"rendered":"<p>As inscri\u00e7\u00f5es para solicita\u00e7\u00e3o de microcr\u00e9dito do edital \u2018Eu Posso Diversidade\u2019 continuam nesta segunda-feira (2). A iniciativa \u00e9 voltada para pessoas da comunidade LGBTQIA+ em uma parceria da Secretaria de Desenvolvimento Econ\u00f4mico e Trabalho (Sedest) e Secretaria de Gest\u00e3o Governamental (Seggov), atrav\u00e9s da Coordenadoria de Promo\u00e7\u00e3o \u00e0 Cidadania LGBT. As inscri\u00e7\u00f5es s\u00e3o feitas, das 9h [&hellip;]<\/p>\n","protected":false},"author":1,"featured_media":0,"comment_status":"","ping_status":"","sticky":false,"template":"","format":"standard","meta":{"footnotes":""},"categories":[1],"tags":[],"class_list":["post-46787","post","type-post","status-publish","format-standard","hentry","category-noticias"],"amp_enabled":true,"_links":{"self":[{"href":"https:\/\/novasdodia.com.br\/index.php\/wp-json\/wp\/v2\/posts\/46787","targetHints":{"allow":["GET"]}}],"collection":[{"href":"https:\/\/novasdodia.com.br\/index.php\/wp-json\/wp\/v2\/posts"}],"about":[{"href":"https:\/\/novasdodia.com.br\/index.php\/wp-json\/wp\/v2\/types\/post"}],"author":[{"embeddable":true,"href":"https:\/\/novasdodia.com.br\/index.php\/wp-json\/wp\/v2\/users\/1"}],"replies":[{"embeddable":true,"href":"https:\/\/novasdodia.com.br\/index.php\/wp-json\/wp\/v2\/comments?post=46787"}],"version-history":[{"count":0,"href":"https:\/\/novasdodia.com.br\/index.php\/wp-json\/wp\/v2\/posts\/46787\/revisions"}],"wp:attachment":[{"href":"https:\/\/novasdodia.com.br\/index.php\/wp-json\/wp\/v2\/media?parent=46787"}],"wp:term":[{"taxonomy":"category","embeddable":true,"href":"https:\/\/novasdodia.com.br\/index.php\/wp-json\/wp\/v2\/categories?post=46787"},{"taxonomy":"post_tag","embeddable":true,"href":"https:\/\/novasdodia.com.br\/index.php\/wp-json\/wp\/v2\/tags?post=46787"}],"curies":[{"name":"wp","href":"https:\/\/api.w.org\/{rel}","templated":true}]}}