{"id":46803,"date":"2026-03-02T02:31:38","date_gmt":"2026-03-02T05:31:38","guid":{"rendered":"https:\/\/novasdodia.com.br\/index.php\/2026\/03\/02\/ira-eleva-para-153-as-estudantes-mortas-em-ataque-a-escola\/"},"modified":"2026-03-02T02:31:38","modified_gmt":"2026-03-02T05:31:38","slug":"ira-eleva-para-153-as-estudantes-mortas-em-ataque-a-escola","status":"publish","type":"post","link":"https:\/\/novasdodia.com.br\/index.php\/2026\/03\/02\/ira-eleva-para-153-as-estudantes-mortas-em-ataque-a-escola\/","title":{"rendered":"Ir\u00e3 eleva para 153 as estudantes mortas em ataque a escola"},"content":{"rendered":"<p> Por MRNews<br \/>\n<\/p>\n<div wp_automatic_readability=\"34.835443037975\">\n<p>O Minist\u00e9rio da Educa\u00e7\u00e3o do Ir\u00e3 elevou para 153 o n\u00famero de meninas mortas no ataque de s\u00e1bado (28) a uma escola em Minab, no sul do pa\u00eds, al\u00e9m de 95 feridas. Teer\u00e3 culpa os Estados Unidos (EUA) e Israel pelo \u201cataque sionista desumano\u201d, disse Ali Farhadi, porta-voz do Minist\u00e9rio da Educa\u00e7\u00e3o iraniano, \u00e0 ag\u00eancia de not\u00edcias Irna.<\/p>\n<p><strong>Neste domingo (1\u00ba), a\u00a0Organiza\u00e7\u00e3o das Na\u00e7\u00f5es Unidas para a Educa\u00e7\u00e3o, a Ci\u00eancia e a Cultura\u00a0(Unesco) divulgou nota condenando fortemente o ataque\u00a0que atingiu uma escola prim\u00e1ria feminina, em meio \u00e0 escalada militar no Oriente M\u00e9dio<\/strong>. A entidade afirma estar \u201cprofundamente alarmada\u201d com o impacto dos confrontos sobre institui\u00e7\u00f5es de ensino, estudantes e profissionais de\u00a0educa\u00e7\u00e3o.<\/p>\n<blockquote wp_automatic_readability=\"6.4923547400612\">\n<p>\u201cA\u00a0morte de alunos em um espa\u00e7o dedicado \u00e0 aprendizagem constitui grave viola\u00e7\u00e3o da prote\u00e7\u00e3o conferida \u00e0s escolas pelo direito internacional humanit\u00e1rio\u201d, destaca a Unesco na nota.<\/p>\n<p><strong><a href=\"https:\/\/mrnews.com.br\/index.php\/2026\/03\/01\/buscas-em-juiz-de-fora-estao-encerradas-moradores-seguem-fora-de-casa\/\">Buscas em Juiz de Fora est\u00e3o encerradas; moradores seguem fora de casa<\/a><\/strong><\/p>\n<p><strong><a href=\"https:\/\/mrnews.com.br\/index.php\/2026\/03\/01\/netanyahu-afirma-que-ofensiva-contra-o-ira-sera-intensificada\/\">Netanyahu afirma que ofensiva contra o Ir\u00e3 ser\u00e1 intensificada<\/a><\/strong><\/p>\n<\/blockquote>\n<p>\u00a0<strong>A organiza\u00e7\u00e3o tamb\u00e9m alerta que ataques contra institui\u00e7\u00f5es educacionais \u201ccolocam em risco estudantes e professores e comprometem o direito \u00e0 educa\u00e7\u00e3o\u201d.<\/strong><\/p>\n<p>A manifesta\u00e7\u00e3o cita explicitamente o Conselho de Seguran\u00e7a das Na\u00e7\u00f5es Unidas e a Resolu\u00e7\u00e3o 2601 (2021), que condena ataques a escolas em situa\u00e7\u00f5es de conflito armado e refor\u00e7a a obriga\u00e7\u00e3o das partes envolvidas de proteger ambientes educacionais.<\/p>\n<p><em>* Com informa\u00e7\u00f5es da Telesur.<\/em><\/p>\n<p><strong><a href=\"https:\/\/mrnews.com.br\/index.php\/2026\/03\/01\/guerra-no-oriente-medio-tem-mais-bombardeios-e-mortes-neste-domingo\/\">Guerra no Oriente M\u00e9dio tem mais bombardeios e mortes neste domingo<\/a><\/strong><\/p>\n<p><strong><a href=\"https:\/\/mrnews.com.br\/index.php\/2026\/03\/01\/no-palco-ivete-sangalo-se-pronuncia-e-surpreende-ao-fazer-anuncio-durante-apresentacao\/\">No palco, Ivete Sangalo se pronuncia e surpreende ao fazer an\u00fancio durante apresenta\u00e7\u00e3o<\/a><\/strong><\/p>\n<\/div>\n","protected":false},"excerpt":{"rendered":"<p>Por MRNews O Minist\u00e9rio da Educa\u00e7\u00e3o do Ir\u00e3 elevou para 153 o n\u00famero de meninas mortas no ataque de s\u00e1bado (28) a uma escola em Minab, no sul do pa\u00eds, al\u00e9m de 95 feridas. Teer\u00e3 culpa os Estados Unidos (EUA) e Israel pelo \u201cataque sionista desumano\u201d, disse Ali Farhadi, porta-voz do Minist\u00e9rio da Educa\u00e7\u00e3o iraniano, [&hellip;]<\/p>\n","protected":false},"author":3,"featured_media":0,"comment_status":"","ping_status":"","sticky":false,"template":"","format":"standard","meta":{"footnotes":""},"categories":[1],"tags":[],"class_list":["post-46803","post","type-post","status-publish","format-standard","hentry","category-noticias"],"amp_enabled":true,"_links":{"self":[{"href":"https:\/\/novasdodia.com.br\/index.php\/wp-json\/wp\/v2\/posts\/46803","targetHints":{"allow":["GET"]}}],"collection":[{"href":"https:\/\/novasdodia.com.br\/index.php\/wp-json\/wp\/v2\/posts"}],"about":[{"href":"https:\/\/novasdodia.com.br\/index.php\/wp-json\/wp\/v2\/types\/post"}],"author":[{"embeddable":true,"href":"https:\/\/novasdodia.com.br\/index.php\/wp-json\/wp\/v2\/users\/3"}],"replies":[{"embeddable":true,"href":"https:\/\/novasdodia.com.br\/index.php\/wp-json\/wp\/v2\/comments?post=46803"}],"version-history":[{"count":0,"href":"https:\/\/novasdodia.com.br\/index.php\/wp-json\/wp\/v2\/posts\/46803\/revisions"}],"wp:attachment":[{"href":"https:\/\/novasdodia.com.br\/index.php\/wp-json\/wp\/v2\/media?parent=46803"}],"wp:term":[{"taxonomy":"category","embeddable":true,"href":"https:\/\/novasdodia.com.br\/index.php\/wp-json\/wp\/v2\/categories?post=46803"},{"taxonomy":"post_tag","embeddable":true,"href":"https:\/\/novasdodia.com.br\/index.php\/wp-json\/wp\/v2\/tags?post=46803"}],"curies":[{"name":"wp","href":"https:\/\/api.w.org\/{rel}","templated":true}]}}