{"id":46804,"date":"2026-03-02T03:54:36","date_gmt":"2026-03-02T06:54:36","guid":{"rendered":"https:\/\/novasdodia.com.br\/index.php\/2026\/03\/02\/agencia-minas-gerais-minas-celebra-aumento-das-coberturas-vacinais-no-estado-por-meio-de-estrategias-de-fortalecimento-dos-municipios\/"},"modified":"2026-03-02T03:54:36","modified_gmt":"2026-03-02T06:54:36","slug":"agencia-minas-gerais-minas-celebra-aumento-das-coberturas-vacinais-no-estado-por-meio-de-estrategias-de-fortalecimento-dos-municipios","status":"publish","type":"post","link":"https:\/\/novasdodia.com.br\/index.php\/2026\/03\/02\/agencia-minas-gerais-minas-celebra-aumento-das-coberturas-vacinais-no-estado-por-meio-de-estrategias-de-fortalecimento-dos-municipios\/","title":{"rendered":"Ag\u00eancia Minas Gerais | Minas celebra aumento das coberturas vacinais no estado por meio de estrat\u00e9gias de fortalecimento dos munic\u00edpios"},"content":{"rendered":"<p><\/p>\n<div>\n<p>A sa\u00fade mais pr\u00f3xima do cidad\u00e3o j\u00e1 \u00e9 uma realidade em Minas Gerais, diante dos investimentos e programas direcionados aos diversos setores da sa\u00fade p\u00fablica. Entre as estrat\u00e9gias implementadas pelo Governo de Minas para apoiar os munic\u00edpios e ampliar as coberturas vacinais est\u00e1 a implanta\u00e7\u00e3o dos vacim\u00f3veis, ve\u00edculos adaptados para funcionar como salas de vacina\u00e7\u00e3o itinerantes.<\/p>\n<p>Desde 2023, a Secretaria de Estado de Sa\u00fade de Minas Gerais (SES-MG) repassou mais de R$\u00a0100 milh\u00f5es para que munic\u00edpios e cons\u00f3rcios municipais de sa\u00fade adquirissem as vans que levam os imunizantes para mais perto da popula\u00e7\u00e3o, especialmente em \u00e1reas de dif\u00edcil acesso. Cada ve\u00edculo foi adquirido pelo valor de R$\u00a0409 mil e, at\u00e9 o momento, 249\u00a0unidades foram entregues em todo o estado.\u00a0\u00a0<\/p>\n<p>De acordo com o subsecret\u00e1rio de Vigil\u00e2ncia em Sa\u00fade da SES-MG, Eduardo\u00a0Prosdocimi, essa \u00e9 uma inova\u00e7\u00e3o que j\u00e1 surte resultados positivos. \u201cAs vans do\u00a0vacim\u00f3vel\u00a0levam a imuniza\u00e7\u00e3o para todas as regi\u00f5es do estado e temos observado uma ades\u00e3o muito expressiva da popula\u00e7\u00e3o\u201d, destaca.\u00a0\u00a0\u00a0<\/p>\n<p>\u201cOs\u00a0ve\u00edculos circulam tanto em \u00e1reas urbanas quanto rurais, em locais p\u00fablicos e de grande movimento de pessoas. Essa capilaridade amplia o acesso da popula\u00e7\u00e3o \u00e0s vacinas e contribui diretamente para o aumento do n\u00famero de doses aplicadas\u201d, refor\u00e7a o subsecret\u00e1rio.\u00a0\u00a0\u00a0<\/p>\n<p>Em 2024, foram aplicadas 5.423 doses de vacinas nos\u00a0vacim\u00f3veis\u00a0e, nesse per\u00edodo, os munic\u00edpios ainda estavam aderindo \u00e0 pol\u00edtica e formalizando os processos de aquisi\u00e7\u00e3o das vans. Em 2025, houve um crescimento expressivo desse n\u00famero, com\u00a0cerca de 320 mil\u00a0doses aplicadas, resultado direto dos investimentos e estrat\u00e9gias estaduais.\u00a0\u00a0\u00a0\u00a0<\/p>\n<p>\u201cTrata-se de uma pol\u00edtica p\u00fablica inclusiva, que fortalece a vacina\u00e7\u00e3o e garante mais equidade no acesso aos servi\u00e7os de sa\u00fade\u201d, avalia\u00a0Prosdocimi.\u00a0\u00a0\u00a0<\/p>\n<p><strong>Programa Mineiro de Imuniza\u00e7\u00f5es\u00a0<\/strong><\/p>\n<p>Ap\u00f3s a pandemia, os n\u00edveis de cobertura vacinal despencaram em todo o pa\u00eds. Em Minas, essa realidade come\u00e7ou a mudar diante das a\u00e7\u00f5es direcionadas de fortalecimento dos munic\u00edpios, investimentos e estrat\u00e9gias para recuperar os \u00edndices vacinais, incluindo a implementa\u00e7\u00e3o do Programa Mineiro de Imuniza\u00e7\u00f5es.\u00a0\u00a0<\/p>\n<p>Como resultado, o Estado encerrou 2025 com patamares elevados de cobertura vacinal, com destaque para BCG (98,29%), hepatite B &lt;30 dias (96,06%) e tr\u00edplice viral 1\u00aa dose (96,62%).\u00a0Foram aplicadas 16,8 milh\u00f5es de doses das vacinas do Calend\u00e1rio Nacional, maior n\u00famero j\u00e1 registrado no estado.\u00a0<\/p>\n<p>Segundo Prosdocimi, o estado se destaca no cen\u00e1rio nacional pela qualidade e inova\u00e7\u00e3o do seu programa de imuniza\u00e7\u00e3o. \u201cMinas Gerais possui o maior programa de vacina\u00e7\u00e3o do pa\u00eds. O\u00a0Programa Mineiro de Imuniza\u00e7\u00f5es \u00e9 reconhecido pelo volume de recursos investidos e, principalmente, por ser uma pol\u00edtica consistente de inova\u00e7\u00e3o\u201d, afirma.\u00a0\u00a0\u00a0<\/p>\n<p><strong>Resultados nos munic\u00edpios\u00a0<\/strong>\u00a0\u00a0<\/p>\n<p>Os munic\u00edpios s\u00e3o respons\u00e1veis pela vacina\u00e7\u00e3o em seus territ\u00f3rios e o uso dos\u00a0vacim\u00f3veis\u00a0apresenta\u00a0resultados expressivos no interior do estado. Em Patos de Minas, por exemplo, uma publica\u00e7\u00e3o do perfil oficial do munic\u00edpio aponta que mais de 9.800 doses de vacinas foram aplicadas com o uso do\u00a0vacim\u00f3vel\u00a0em 2025.\u00a0\u00a0<\/p>\n<p>Ainda segundo a postagem, cerca de 5.624 cart\u00f5es de vacina\u00e7\u00e3o foram avaliados e mais de 7.240 pessoas foram vacinadas. O ve\u00edculo permitiu levar os imunizantes a 26 escolas e 41 empresas e espa\u00e7os p\u00fablicos.\u00a0\u00a0\u00a0<\/p>\n<p>Juiz de Fora tamb\u00e9m tem divulgado as a\u00e7\u00f5es em seu perfil oficial e a campanha com o\u00a0vacim\u00f3vel, est\u00e1 levando imuniza\u00e7\u00e3o gratuita pelo SUS a diversos pontos da cidade. A iniciativa busca ampliar o acesso da popula\u00e7\u00e3o \u00e0s vacinas, inclusive durante o per\u00edodo do Carnaval, com atendimento em locais como shoppings, museus e parques.\u00a0\u00a0<\/p>\n<p>Est\u00e3o dispon\u00edveis vacinas contra gripe (influenza), covid-19, HPV, meningite, tr\u00edplice viral, hepatite B, t\u00e9tano, febre amarela e dTpa para gestantes. A programa\u00e7\u00e3o completa pode ser conferida nos canais oficiais do munic\u00edpio.\u00a0<\/p>\n<\/p><\/div>\n","protected":false},"excerpt":{"rendered":"<p>A sa\u00fade mais pr\u00f3xima do cidad\u00e3o j\u00e1 \u00e9 uma realidade em Minas Gerais, diante dos investimentos e programas direcionados aos diversos setores da sa\u00fade p\u00fablica. Entre as estrat\u00e9gias implementadas pelo Governo de Minas para apoiar os munic\u00edpios e ampliar as coberturas vacinais est\u00e1 a implanta\u00e7\u00e3o dos vacim\u00f3veis, ve\u00edculos adaptados para funcionar como salas de vacina\u00e7\u00e3o [&hellip;]<\/p>\n","protected":false},"author":1,"featured_media":0,"comment_status":"","ping_status":"","sticky":false,"template":"","format":"standard","meta":{"footnotes":""},"categories":[1],"tags":[],"class_list":["post-46804","post","type-post","status-publish","format-standard","hentry","category-noticias"],"amp_enabled":true,"_links":{"self":[{"href":"https:\/\/novasdodia.com.br\/index.php\/wp-json\/wp\/v2\/posts\/46804","targetHints":{"allow":["GET"]}}],"collection":[{"href":"https:\/\/novasdodia.com.br\/index.php\/wp-json\/wp\/v2\/posts"}],"about":[{"href":"https:\/\/novasdodia.com.br\/index.php\/wp-json\/wp\/v2\/types\/post"}],"author":[{"embeddable":true,"href":"https:\/\/novasdodia.com.br\/index.php\/wp-json\/wp\/v2\/users\/1"}],"replies":[{"embeddable":true,"href":"https:\/\/novasdodia.com.br\/index.php\/wp-json\/wp\/v2\/comments?post=46804"}],"version-history":[{"count":0,"href":"https:\/\/novasdodia.com.br\/index.php\/wp-json\/wp\/v2\/posts\/46804\/revisions"}],"wp:attachment":[{"href":"https:\/\/novasdodia.com.br\/index.php\/wp-json\/wp\/v2\/media?parent=46804"}],"wp:term":[{"taxonomy":"category","embeddable":true,"href":"https:\/\/novasdodia.com.br\/index.php\/wp-json\/wp\/v2\/categories?post=46804"},{"taxonomy":"post_tag","embeddable":true,"href":"https:\/\/novasdodia.com.br\/index.php\/wp-json\/wp\/v2\/tags?post=46804"}],"curies":[{"name":"wp","href":"https:\/\/api.w.org\/{rel}","templated":true}]}}