{"id":47040,"date":"2026-03-06T19:51:37","date_gmt":"2026-03-06T22:51:37","guid":{"rendered":"https:\/\/novasdodia.com.br\/index.php\/2026\/03\/06\/cuidando-de-quem-cuida-ganha-sala-e-projeta-aumento-nos-atendimentos-cgnoticias\/"},"modified":"2026-03-06T19:51:37","modified_gmt":"2026-03-06T22:51:37","slug":"cuidando-de-quem-cuida-ganha-sala-e-projeta-aumento-nos-atendimentos-cgnoticias","status":"publish","type":"post","link":"https:\/\/novasdodia.com.br\/index.php\/2026\/03\/06\/cuidando-de-quem-cuida-ganha-sala-e-projeta-aumento-nos-atendimentos-cgnoticias\/","title":{"rendered":"\u201cCuidando de\u00a0Quem\u00a0Cuida\u201d ganha sala e projeta aumento nos atendimentos\u00a0 \u2013 CGNot\u00edcias"},"content":{"rendered":"<p><\/p>\n<div>\n<p>O Programa \u201cCuidando de Quem Cuida\u201d\u00a0ganhou, nesta sexta-feira (06), uma nova sala para atendimentos individuais na sede da\u00a0Secretaria de Assist\u00eancia Social e Cidadania (SAS)\u00a0e projeta um aumento\u00a0de mais de 162% nos atendimentos aos servidores.\u00a0O servi\u00e7o \u00e9 ofertado em parceria com universidades, como a\u00a0Insted.\u00a0<\/p>\n<p>A secret\u00e1ria de Assist\u00eancia Social e Cidadania, Camilla Nascimento,\u00a0destacou que o Programa est\u00e1 em evolu\u00e7\u00e3o para adequar fluxos e processos, com foco no bem-estar emocional do servidor. \u201cNossos servidores lidam diariamente com hist\u00f3rias dif\u00edceis, que trazem uma carga pesada para carregar sozinhos. O poder p\u00fablico precisa promover essa ajuda e a\u00a0Insted\u00a0vem com uma parceria real de servi\u00e7o e qualidade para fortalecer a nossa rede de escuta e cuidado\u201d, afirmou.\u00a0<\/p>\n<p>O novo espa\u00e7o, planejado para oferecer acolhimento humanizado, facilita o acesso dos servidores que antes precisavam se deslocar ao CCI Vov\u00f3 Ziza. Segundo Elaine Rodrigues Teles, Gerente do Trabalho e Educa\u00e7\u00e3o Permanente, a centraliza\u00e7\u00e3o garante maior \u00e9tica, sigilo e efetividade ao programa.\u00a0<\/p>\n<p>O professor Gabriel Godoy de Palma, representando a\u00a0universidade, refor\u00e7ou o impacto social da iniciativa. \u201cA depress\u00e3o e o burnout afetam quem trabalha no servi\u00e7o p\u00fablico, e a faculdade se alegra em contribuir para a sa\u00fade desses seres humanos que prestam servi\u00e7os essenciais \u00e0 popula\u00e7\u00e3o. \u00c9 um investimento que soma na qualidade do ensino e no bem-estar social, atuando na preven\u00e7\u00e3o e no cuidado p\u00f3s-afastamento\u201d, ressaltou.\u00a0<\/p>\n<p>A estrutura f\u00edsica tamb\u00e9m foi elogiada pelos futuros profissionais, como a acad\u00eamica de psicologia Sinara Costa de Souza Valente, que ir\u00e1 atuar nos atendimentos. \u201cA sala \u00e9 leve, pensada para que a pessoa se sinta acolhida. Atender servidores que j\u00e1 trabalham com vulnerabilidade social enriquecer\u00e1 muito meu conhecimento e me permitir\u00e1 acolher diversos perfis de trabalhadores, o que ser\u00e1 um grande diferencial para minha carreira\u201d, afirmou a estagi\u00e1ria do \u00faltimo ano.\u00a0<\/p>\n<p>O Programa, j\u00e1 acumula quase 7 mil atendimentos e inclui grupos reflexivos e pesquisas cient\u00edficas sobre a qualidade de vida nas 46 unidades da secretaria.\u00a0<\/p>\n<p>A superintendente de Gest\u00e3o do Suas,\u00a0Marcilene\u00a0 Rodrigues, celebrou a nova fase da educa\u00e7\u00e3o permanente na pasta. \u201cAgora o programa tem uma identidade e uma refer\u00eancia f\u00edsica que n\u00e3o t\u00ednhamos. Vamos praticamente triplicar nossa capacidade de atendimento. \u00c9 fundamental que o servidor tenha esse porto seguro para melhorar sua qualidade de vida\u201d, pontuou a superintendente.\u00a0<\/p>\n<p>O servi\u00e7o \u00e9 gratuito e ser\u00e1 di\u00e1rio, mediante agendamento que pode ser feito por meio do telefone 3314-4482, ramal 6000.\u00a0<\/p>\n<\/div>\n<p><script async defer async defer src=\"https:\/\/connect.facebook.net\/en_US\/sdk.js?ver=1#xfbml=1&amp;version=v3.2\" id=\"prefeitura-campogrande-script-facebook-sdk-js\"><\/script><\/p>\n","protected":false},"excerpt":{"rendered":"<p>O Programa \u201cCuidando de Quem Cuida\u201d\u00a0ganhou, nesta sexta-feira (06), uma nova sala para atendimentos individuais na sede da\u00a0Secretaria de Assist\u00eancia Social e Cidadania (SAS)\u00a0e projeta um aumento\u00a0de mais de 162% nos atendimentos aos servidores.\u00a0O servi\u00e7o \u00e9 ofertado em parceria com universidades, como a\u00a0Insted.\u00a0 A secret\u00e1ria de Assist\u00eancia Social e Cidadania, Camilla Nascimento,\u00a0destacou que o Programa [&hellip;]<\/p>\n","protected":false},"author":1,"featured_media":0,"comment_status":"","ping_status":"","sticky":false,"template":"","format":"standard","meta":{"footnotes":""},"categories":[],"tags":[],"class_list":["post-47040","post","type-post","status-publish","format-standard","hentry"],"amp_enabled":true,"_links":{"self":[{"href":"https:\/\/novasdodia.com.br\/index.php\/wp-json\/wp\/v2\/posts\/47040","targetHints":{"allow":["GET"]}}],"collection":[{"href":"https:\/\/novasdodia.com.br\/index.php\/wp-json\/wp\/v2\/posts"}],"about":[{"href":"https:\/\/novasdodia.com.br\/index.php\/wp-json\/wp\/v2\/types\/post"}],"author":[{"embeddable":true,"href":"https:\/\/novasdodia.com.br\/index.php\/wp-json\/wp\/v2\/users\/1"}],"replies":[{"embeddable":true,"href":"https:\/\/novasdodia.com.br\/index.php\/wp-json\/wp\/v2\/comments?post=47040"}],"version-history":[{"count":0,"href":"https:\/\/novasdodia.com.br\/index.php\/wp-json\/wp\/v2\/posts\/47040\/revisions"}],"wp:attachment":[{"href":"https:\/\/novasdodia.com.br\/index.php\/wp-json\/wp\/v2\/media?parent=47040"}],"wp:term":[{"taxonomy":"category","embeddable":true,"href":"https:\/\/novasdodia.com.br\/index.php\/wp-json\/wp\/v2\/categories?post=47040"},{"taxonomy":"post_tag","embeddable":true,"href":"https:\/\/novasdodia.com.br\/index.php\/wp-json\/wp\/v2\/tags?post=47040"}],"curies":[{"name":"wp","href":"https:\/\/api.w.org\/{rel}","templated":true}]}}