{"id":47041,"date":"2026-03-06T19:55:40","date_gmt":"2026-03-06T22:55:40","guid":{"rendered":"https:\/\/novasdodia.com.br\/index.php\/2026\/03\/06\/ifsp-e-universidades-parceiras-abrem-inscricoes-para-o-v-simposio-de-literatura-latino-americana-contemporanea-ifsp\/"},"modified":"2026-03-06T19:55:40","modified_gmt":"2026-03-06T22:55:40","slug":"ifsp-e-universidades-parceiras-abrem-inscricoes-para-o-v-simposio-de-literatura-latino-americana-contemporanea-ifsp","status":"publish","type":"post","link":"https:\/\/novasdodia.com.br\/index.php\/2026\/03\/06\/ifsp-e-universidades-parceiras-abrem-inscricoes-para-o-v-simposio-de-literatura-latino-americana-contemporanea-ifsp\/","title":{"rendered":"IFSP e universidades parceiras abrem inscri\u00e7\u00f5es para o V Simp\u00f3sio de Literatura Latino-Americana Contempor\u00e2nea &#8211; IFSP"},"content":{"rendered":"<p><\/p>\n<div>\n<div class=\"subtitle\">\n<p><span style=\"font-weight: 400;\">O evento ser\u00e1 realizado em formato remoto e conta com organiza\u00e7\u00e3o do Campus Itaquaquecetuba em parceria com diversas universidades do pa\u00eds<\/span><\/p>\n<\/div>\n<p><!-- fim .content-header-options-1 --><\/p>\n<p><span style=\"font-weight: 400;\">Est\u00e3o abertas as inscri\u00e7\u00f5es para o V Simp\u00f3sio de Literatura Latino-americana Contempor\u00e2nea (V Sillac). O evento, que se consolidou como um espa\u00e7o fundamental de di\u00e1logo e interc\u00e2mbio entre pesquisadores brasileiros e estrangeiros, ter\u00e1 como anfitri\u00e3 nesta edi\u00e7\u00e3o a Universidade Estadual de Londrina (UEL). O simp\u00f3sio acontece de forma remota entre os dias 8 e 10 de setembro de 2026.<\/span><\/p>\n<p><span style=\"font-weight: 400;\">A organiza\u00e7\u00e3o desta quinta edi\u00e7\u00e3o \u00e9 fruto de uma colabora\u00e7\u00e3o robusta entre o Instituto Federal de Educa\u00e7\u00e3o, Ci\u00eancia e Tecnologia de S\u00e3o Paulo (IFSP) \u2014 Campus Itaquaquecetuba \u2014 e uma rede de institui\u00e7\u00f5es de ensino superior, incluindo a Universidade Presbiteriana Mackenzie (UPM), a Universidade Estadual de Londrina (UEL), a Universidade Estadual de Campinas (Unicamp), a Universidade Estadual de Santa Cruz (UESC), a Universidade Federal do Mato Grosso do Sul (UFMS) e a Universidade de Pernambuco (UPE).<\/span><\/p>\n<p><b>Foco na Contemporaneidade<\/b><\/p>\n<p><span style=\"font-weight: 400;\">O Sillac volta seu olhar para a produ\u00e7\u00e3o liter\u00e1ria latino-americana consolidada a partir de 1990. O objetivo central \u00e9 promover debates qualificados sobre as tens\u00f5es, imagin\u00e1rios e intersec\u00e7\u00f5es presentes nos textos produzidos nas \u00faltimas d\u00e9cadas.<\/span><\/p>\n<p><span style=\"font-weight: 400;\">Neste ano, o simp\u00f3sio amplia suas possibilidades ao aceitar propostas de trabalhos tanto em l\u00edngua portuguesa quanto em l\u00edngua espanhola. Al\u00e9m da tradicional apresenta\u00e7\u00e3o de pesquisas, a programa\u00e7\u00e3o incluir\u00e1 oficinas e minicursos ministrados por convidados da Comiss\u00e3o Organizadora, enriquecendo a experi\u00eancia acad\u00eamica dos participantes.<\/span><\/p>\n<p><b>Como participar<\/b><\/p>\n<p><span style=\"font-weight: 400;\">As inscri\u00e7\u00f5es para submiss\u00e3o de trabalhos est\u00e3o abertas at\u00e9 o dia 17 de julho de 2026. Podem submeter propostas graduandos (mediante apresenta\u00e7\u00e3o de carta de recomenda\u00e7\u00e3o de professor orientador), graduados, mestrandos, mestres, doutorandos e doutores.<\/span><\/p>\n<p><span style=\"font-weight: 400;\">Os trabalhos devem estar alinhados a um dos dez eixos tem\u00e1ticos propostos, que abrangem desde a viol\u00eancia na literatura e o ins\u00f3lito ficcional at\u00e9 a presen\u00e7a do tema em sala de aula e interfaces com outras artes.<\/span><\/p>\n<p><span style=\"font-weight: 400;\">Todos os participantes inscritos receber\u00e3o certificado e os trabalhos completos apresentados ser\u00e3o publicados nos Anais do Evento.<\/span><\/p>\n<p><b>Saiba mais<\/b><\/p>\n<p><span style=\"font-weight: 400;\">Para conferir a lista completa dos eixos tem\u00e1ticos, acessar a primeira circular e realizar sua inscri\u00e7\u00e3o \u2014 seja para submiss\u00e3o de trabalhos ou como ouvinte \u2014 acesse a p\u00e1gina oficial do evento no portal do Campus Itaquaquecetuba.<\/span><\/p>\n<\/div>\n","protected":false},"excerpt":{"rendered":"<p>O evento ser\u00e1 realizado em formato remoto e conta com organiza\u00e7\u00e3o do Campus Itaquaquecetuba em parceria com diversas universidades do pa\u00eds Est\u00e3o abertas as inscri\u00e7\u00f5es para o V Simp\u00f3sio de Literatura Latino-americana Contempor\u00e2nea (V Sillac). O evento, que se consolidou como um espa\u00e7o fundamental de di\u00e1logo e interc\u00e2mbio entre pesquisadores brasileiros e estrangeiros, ter\u00e1 como [&hellip;]<\/p>\n","protected":false},"author":1,"featured_media":0,"comment_status":"","ping_status":"","sticky":false,"template":"","format":"standard","meta":{"footnotes":""},"categories":[1],"tags":[],"class_list":["post-47041","post","type-post","status-publish","format-standard","hentry","category-noticias"],"amp_enabled":true,"_links":{"self":[{"href":"https:\/\/novasdodia.com.br\/index.php\/wp-json\/wp\/v2\/posts\/47041","targetHints":{"allow":["GET"]}}],"collection":[{"href":"https:\/\/novasdodia.com.br\/index.php\/wp-json\/wp\/v2\/posts"}],"about":[{"href":"https:\/\/novasdodia.com.br\/index.php\/wp-json\/wp\/v2\/types\/post"}],"author":[{"embeddable":true,"href":"https:\/\/novasdodia.com.br\/index.php\/wp-json\/wp\/v2\/users\/1"}],"replies":[{"embeddable":true,"href":"https:\/\/novasdodia.com.br\/index.php\/wp-json\/wp\/v2\/comments?post=47041"}],"version-history":[{"count":0,"href":"https:\/\/novasdodia.com.br\/index.php\/wp-json\/wp\/v2\/posts\/47041\/revisions"}],"wp:attachment":[{"href":"https:\/\/novasdodia.com.br\/index.php\/wp-json\/wp\/v2\/media?parent=47041"}],"wp:term":[{"taxonomy":"category","embeddable":true,"href":"https:\/\/novasdodia.com.br\/index.php\/wp-json\/wp\/v2\/categories?post=47041"},{"taxonomy":"post_tag","embeddable":true,"href":"https:\/\/novasdodia.com.br\/index.php\/wp-json\/wp\/v2\/tags?post=47041"}],"curies":[{"name":"wp","href":"https:\/\/api.w.org\/{rel}","templated":true}]}}