{"id":47042,"date":"2026-03-06T20:37:33","date_gmt":"2026-03-06T23:37:33","guid":{"rendered":"https:\/\/novasdodia.com.br\/index.php\/2026\/03\/06\/profissionais-da-semepp-recebem-treinamento-para-orientacao-previdenciaria-a-microempreendedores-em-sorocaba-agencia-de-noticias\/"},"modified":"2026-03-06T20:37:33","modified_gmt":"2026-03-06T23:37:33","slug":"profissionais-da-semepp-recebem-treinamento-para-orientacao-previdenciaria-a-microempreendedores-em-sorocaba-agencia-de-noticias","status":"publish","type":"post","link":"https:\/\/novasdodia.com.br\/index.php\/2026\/03\/06\/profissionais-da-semepp-recebem-treinamento-para-orientacao-previdenciaria-a-microempreendedores-em-sorocaba-agencia-de-noticias\/","title":{"rendered":"Profissionais da Semepp recebem treinamento para orienta\u00e7\u00e3o previdenci\u00e1ria a microempreendedores em Sorocaba \u2013 Ag\u00eancia de Not\u00edcias"},"content":{"rendered":"<p><\/p>\n<div wp_automatic_readability=\"31\">\n<div class=\"col\" wp_automatic_readability=\"7\">\n<p class=\"mt-0\">\n                        <strong><br \/>\n                            <span class=\"far fa-calendar mr-1 mt-2\"\/><br \/>\n                            6 de mar\u00e7o de 2026<br \/>\n                            <span class=\"far fa-clock ml-3 mt-2\"\/><br \/>\n                            18:01<br \/>\n                        <\/strong>\n                    <\/p>\n<p class=\"mb-0\">Por: <strong>Ver\u00f4nica Ferreira<\/strong><\/p>\n<\/p><\/div>\n<\/p><\/div>\n<div wp_automatic_readability=\"67\">\n<p>A Secretaria de Empreendedorismo, da Microempresa e da Empresa de Pequeno Porte (Semepp), em parceria com o Instituto Nacional do Seguro Social (INSS), promoveu, nesta quinta-feira (5). uma capacita\u00e7\u00e3o sobre orienta\u00e7\u00e3o previdenci\u00e1ria para o Microempreendedor Individual (MEI) para servidores da pasta, A aula foi ministrada pelo servidor Edmar Roberto de Souza.<\/p>\n<p>A iniciativa teve como objetivo aprofundar conhecimentos sobre quest\u00f5es previdenci\u00e1rias ligadas ao universo do MEI, tema essencial para um atendimento mais preciso, seguro e eficiente. O treinamento contribuiu para fortalecer a rede de apoio ao empreendedor e garantir informa\u00e7\u00e3o qualificada a quem busca abrir, manter ou regularizar seu neg\u00f3cio.<\/p>\n<p>O encontro reuniu, al\u00e9m dos profissionais da Semepp, que abrangem setores de atendimento ao com\u00e9rcio ambulante, educa\u00e7\u00e3o empreendedora e microcr\u00e9dito produtivo. Tamb\u00e9m participaram servidores que atuam no Poupatempo do Empreendedor, localizado na Rua da Penha, voltado ao atendimento gratuito dos microempreendedores, al\u00e9m de funcion\u00e1rios da Associa\u00e7\u00e3o Comercial de Sorocaba (ACSO) que realizam atendimento direto ao MEI.<\/p>\n<p>A integra\u00e7\u00e3o das equipes contribui na qualidade da orienta\u00e7\u00e3o oferecida aos pequenos empres\u00e1rios, p\u00fablico atendido por todas essas frentes da secretaria. Al\u00e9m disso, a inciativa reafirma a prioridade dada ao fortalecimento do empreendedorismo local, com investimento permanente na forma\u00e7\u00e3o das equipes que atuam na linha de frente do atendimento ao pequeno empres\u00e1rio em Sorocaba.<\/p>\n<p><!-- Root element of PhotoSwipe. Must have class pswp. --><\/p><\/div>\n","protected":false},"excerpt":{"rendered":"<p>6 de mar\u00e7o de 2026 18:01 Por: Ver\u00f4nica Ferreira A Secretaria de Empreendedorismo, da Microempresa e da Empresa de Pequeno Porte (Semepp), em parceria com o Instituto Nacional do Seguro Social (INSS), promoveu, nesta quinta-feira (5). uma capacita\u00e7\u00e3o sobre orienta\u00e7\u00e3o previdenci\u00e1ria para o Microempreendedor Individual (MEI) para servidores da pasta, A aula foi ministrada pelo [&hellip;]<\/p>\n","protected":false},"author":1,"featured_media":0,"comment_status":"","ping_status":"","sticky":false,"template":"","format":"standard","meta":{"footnotes":""},"categories":[1],"tags":[],"class_list":["post-47042","post","type-post","status-publish","format-standard","hentry","category-noticias"],"amp_enabled":true,"_links":{"self":[{"href":"https:\/\/novasdodia.com.br\/index.php\/wp-json\/wp\/v2\/posts\/47042","targetHints":{"allow":["GET"]}}],"collection":[{"href":"https:\/\/novasdodia.com.br\/index.php\/wp-json\/wp\/v2\/posts"}],"about":[{"href":"https:\/\/novasdodia.com.br\/index.php\/wp-json\/wp\/v2\/types\/post"}],"author":[{"embeddable":true,"href":"https:\/\/novasdodia.com.br\/index.php\/wp-json\/wp\/v2\/users\/1"}],"replies":[{"embeddable":true,"href":"https:\/\/novasdodia.com.br\/index.php\/wp-json\/wp\/v2\/comments?post=47042"}],"version-history":[{"count":0,"href":"https:\/\/novasdodia.com.br\/index.php\/wp-json\/wp\/v2\/posts\/47042\/revisions"}],"wp:attachment":[{"href":"https:\/\/novasdodia.com.br\/index.php\/wp-json\/wp\/v2\/media?parent=47042"}],"wp:term":[{"taxonomy":"category","embeddable":true,"href":"https:\/\/novasdodia.com.br\/index.php\/wp-json\/wp\/v2\/categories?post=47042"},{"taxonomy":"post_tag","embeddable":true,"href":"https:\/\/novasdodia.com.br\/index.php\/wp-json\/wp\/v2\/tags?post=47042"}],"curies":[{"name":"wp","href":"https:\/\/api.w.org\/{rel}","templated":true}]}}