{"id":47080,"date":"2026-03-07T17:41:36","date_gmt":"2026-03-07T20:41:36","guid":{"rendered":"https:\/\/novasdodia.com.br\/index.php\/2026\/03\/07\/brasil-fara-jogo-de-despedida-no-maracana-antes-da-copa-do-mundo\/"},"modified":"2026-03-07T17:41:36","modified_gmt":"2026-03-07T20:41:36","slug":"brasil-fara-jogo-de-despedida-no-maracana-antes-da-copa-do-mundo","status":"publish","type":"post","link":"https:\/\/novasdodia.com.br\/index.php\/2026\/03\/07\/brasil-fara-jogo-de-despedida-no-maracana-antes-da-copa-do-mundo\/","title":{"rendered":"Brasil far\u00e1 jogo de despedida no Maracan\u00e3 antes da Copa do Mundo"},"content":{"rendered":"<p><\/p>\n<div wp_automatic_readability=\"80.713301378071\">\n<p>O Brasil far\u00e1 um jogo de despedida da torcida brasileira antes da disputada da Copa do Mundo de 2026, anunciou a Confedera\u00e7\u00e3o Brasileira de Futebol (CBF). A sele\u00e7\u00e3o enfrentar\u00e1 o Panam\u00e1\u00a0no dia 31 de maio no est\u00e1dio do Maracan\u00e3, no Rio de Janeiro.<\/p>\n<p>\u201cSer\u00e1 a oportunidade de os comandados de Carlo Ancelotti se apresentarem pela \u00faltima vez diante da torcida brasileira, marcando a arrancada em busca do hexacampeonato mundial\u201d, diz a nota emitida pela CBF.<\/p>\n<p>\u201cAcho muito simb\u00f3lico que essa despedida seja num palco t\u00e3o importante e emblem\u00e1tico. O Maracan\u00e3 \u00e9 a casa da sele\u00e7\u00e3o brasileira, um est\u00e1dio conhecido no mundo inteiro e que sempre foi palco de grandes apresenta\u00e7\u00f5es. Receber o carinho e o apoio dos torcedores ser\u00e1 fundamental\u201d, declarou o presidente da CBF, Samir Xaud.<\/p>\n<p><strong><a href=\"https:\/\/mrnews.com.br\/index.php\/2026\/03\/06\/em-livro-melhor-amigo-afirma-que-melhor-pele-esteve-fora-de-campo\/\">Em livro, melhor amigo afirma que \u201cmelhor Pel\u00e9\u201d esteve fora de campo<\/a><\/strong><\/p>\n<p><strong><a href=\"https:\/\/mrnews.com.br\/index.php\/2026\/03\/06\/snowboarder-andre-barbieri-apresenta-evolucao-clinica-positiva\/\">Snowboarder Andr\u00e9 Barbieri apresenta evolu\u00e7\u00e3o cl\u00ednica positiva<\/a><\/strong><\/p>\n<p>A sele\u00e7\u00e3o panamenha ocupa atualmente a 33\u00aa colocada no Ranking de sele\u00e7\u00f5es da Fifa e est\u00e1 no grupo L da Copa do Mundo (que ser\u00e1 disputada no Canad\u00e1, no M\u00e9xico e nos Estados Unidos entre 11 de junho e 19 de julho), ao lado de Inglaterra, Cro\u00e1cia e Gana.<\/p>\n<p>&gt;&gt; Siga o canal da <strong>Ag\u00eancia Brasil <\/strong>no WhatsApp<\/p>\n<h2>Amistosos preparat\u00f3rios<\/h2>\n<p>Desta forma, antes do in\u00edcio da Copa, a sele\u00e7\u00e3o brasileira far\u00e1 quatro amistosos preparat\u00f3rios. O primeiro ser\u00e1 no dia 26 de mar\u00e7o, quando enfrentar\u00e1 a Fran\u00e7a, atual 3\u00aa colocada do ranking de sele\u00e7\u00f5es da Fifa, no Gillete Stadium, em Boston. O est\u00e1dio receber\u00e1 sete partidas do Mundial. No dia 31 de mar\u00e7o ser\u00e1 a vez de o Brasil medir for\u00e7as com a Cro\u00e1cia, no Camping World Stadium, em Orlando. Os croatas ocupam a 10\u00aa posi\u00e7\u00e3o no ranking da Fifa.<\/p>\n<blockquote class=\"twitter-tweet\" wp_automatic_readability=\"13.357142857143\">\n<p dir=\"ltr\" lang=\"pt\" xml:lang=\"pt\">2025 chegando ao fim\u2026 mas calma, na\u00e7\u00e3o! J\u00e1 temos datas marcadas para a MAIOR SELE\u00c7\u00c3O DO MUNDO entrar em campo!<\/p>\n<p><strong><a href=\"https:\/\/mrnews.com.br\/index.php\/2026\/03\/06\/beneficio-do-programa-minhas-vantagens-itau-ja-pode-ser-resgatado-em-marco-veja-como-funciona\/\">Benef\u00edcio do programa Minhas Vantagens Ita\u00fa j\u00e1 pode ser resgatado em mar\u00e7o; veja como funciona<\/a><\/strong><\/p>\n<p><strong><a href=\"https:\/\/mrnews.com.br\/index.php\/2026\/03\/06\/tv-brasil-estreia-transmissoes-de-2026-da-liga-de-basquete-feminino\/\">TV Brasil estreia transmiss\u00f5es de 2026 da Liga de Basquete Feminino<\/a><\/strong><\/p>\n<p>Nossos pr\u00f3ximos desafios ser\u00e3o em mar\u00e7o, j\u00e1 no pa\u00eds-sede da Copa do Mundo de 2026.<\/p>\n<p>Em breve, divulgaremos mais informa\u00e7\u00f5es sobre os confrontos. Enquanto isso, j\u00e1 pode\u2026 <a href=\"https:\/\/t.co\/J2dBUGpFFl\">pic.twitter.com\/J2dBUGpFFl<\/a><\/p>\n<p>\u2014 brasil (@CBF_Futebol) <a href=\"https:\/\/twitter.com\/CBF_Futebol\/status\/2002040862864515238?ref_src=twsrc%5Etfw\">December 19, 2025<\/a><\/p>\n<\/blockquote>\n<p>A partida com o Panam\u00e1 ser\u00e1 o terceiro compromisso, no dia 31 de maio no Maracan\u00e3.<\/p>\n<p>Depois, no dia 6 de junho, uma semana antes da estreia do Brasil no Mundial, a sele\u00e7\u00e3o enfrenta o Egito em seu \u00faltimo amistoso antes da estreia. A partida ser\u00e1 disputada no Huntington Bank Field, em Cleveland.<\/p>\n<blockquote class=\"twitter-tweet\" wp_automatic_readability=\"11.467105263158\">\n<p dir=\"ltr\" lang=\"pt\" xml:lang=\"pt\">A partir de hoje, voc\u00ea j\u00e1 pode se cadastrar para ter acesso \u00e0 pr\u00e9-venda exclusiva dos ingressos para o \u00faltimo desafio antes da Copa do Mundo!<\/p>\n<p>Para garantir sua presen\u00e7a, acesse https:\/\/t.co\/kttVSPsDEC e cadastre-se!<a href=\"https:\/\/twitter.com\/hashtag\/BateNoPeito?src=hash&amp;ref_src=twsrc%5Etfw\">#BateNoPeito<\/a> <a href=\"https:\/\/t.co\/uJVbsUqrMd\">pic.twitter.com\/uJVbsUqrMd<\/a><\/p>\n<p>\u2014 brasil (@CBF_Futebol) <a href=\"https:\/\/twitter.com\/CBF_Futebol\/status\/2026316222262837373?ref_src=twsrc%5Etfw\">February 24, 2026<\/a><\/p>\n<\/blockquote>\n<h2>Brasil na Copa<\/h2>\n<p>O Brasil est\u00e1 no Grupo C do Mundial de 2026. A estreia ser\u00e1 contra Marrocos, no dia 13 de junho no MetLife Stadium, em Nova Jersey, \u00e0s 19h (hor\u00e1rio de Bras\u00edlia). Na segunda rodada, o Brasil encara o Haiti no Lincoln Financial Field, na Filad\u00e9lfia, \u00e0s 22h. J\u00e1 o encerramento da primeira fase est\u00e1 marcado para o dia 24 de junho, contra a Esc\u00f3cia, no Hard Rock Stadium, em Miami, \u00e0s 19h.<\/p>\n<\/div>\n<p><script async src=\"\/\/platform.twitter.com\/widgets.js\" charset=\"utf-8\"><\/script><\/p>\n","protected":false},"excerpt":{"rendered":"<p>O Brasil far\u00e1 um jogo de despedida da torcida brasileira antes da disputada da Copa do Mundo de 2026, anunciou a Confedera\u00e7\u00e3o Brasileira de Futebol (CBF). A sele\u00e7\u00e3o enfrentar\u00e1 o Panam\u00e1\u00a0no dia 31 de maio no est\u00e1dio do Maracan\u00e3, no Rio de Janeiro. \u201cSer\u00e1 a oportunidade de os comandados de Carlo Ancelotti se apresentarem pela [&hellip;]<\/p>\n","protected":false},"author":1,"featured_media":0,"comment_status":"","ping_status":"","sticky":false,"template":"","format":"standard","meta":{"footnotes":""},"categories":[2],"tags":[],"class_list":["post-47080","post","type-post","status-publish","format-standard","hentry","category-a-fazenda"],"amp_enabled":true,"_links":{"self":[{"href":"https:\/\/novasdodia.com.br\/index.php\/wp-json\/wp\/v2\/posts\/47080","targetHints":{"allow":["GET"]}}],"collection":[{"href":"https:\/\/novasdodia.com.br\/index.php\/wp-json\/wp\/v2\/posts"}],"about":[{"href":"https:\/\/novasdodia.com.br\/index.php\/wp-json\/wp\/v2\/types\/post"}],"author":[{"embeddable":true,"href":"https:\/\/novasdodia.com.br\/index.php\/wp-json\/wp\/v2\/users\/1"}],"replies":[{"embeddable":true,"href":"https:\/\/novasdodia.com.br\/index.php\/wp-json\/wp\/v2\/comments?post=47080"}],"version-history":[{"count":0,"href":"https:\/\/novasdodia.com.br\/index.php\/wp-json\/wp\/v2\/posts\/47080\/revisions"}],"wp:attachment":[{"href":"https:\/\/novasdodia.com.br\/index.php\/wp-json\/wp\/v2\/media?parent=47080"}],"wp:term":[{"taxonomy":"category","embeddable":true,"href":"https:\/\/novasdodia.com.br\/index.php\/wp-json\/wp\/v2\/categories?post=47080"},{"taxonomy":"post_tag","embeddable":true,"href":"https:\/\/novasdodia.com.br\/index.php\/wp-json\/wp\/v2\/tags?post=47080"}],"curies":[{"name":"wp","href":"https:\/\/api.w.org\/{rel}","templated":true}]}}