{"id":47084,"date":"2026-03-07T19:44:39","date_gmt":"2026-03-07T22:44:39","guid":{"rendered":"https:\/\/novasdodia.com.br\/index.php\/2026\/03\/07\/prefeitura-avanca-na-producao-de-mudas-nativas-e-amplia-restauracao-de-areas-degradadas\/"},"modified":"2026-03-07T19:44:39","modified_gmt":"2026-03-07T22:44:39","slug":"prefeitura-avanca-na-producao-de-mudas-nativas-e-amplia-restauracao-de-areas-degradadas","status":"publish","type":"post","link":"https:\/\/novasdodia.com.br\/index.php\/2026\/03\/07\/prefeitura-avanca-na-producao-de-mudas-nativas-e-amplia-restauracao-de-areas-degradadas\/","title":{"rendered":"Prefeitura avan\u00e7a na produ\u00e7\u00e3o de mudas nativas e amplia restaura\u00e7\u00e3o de \u00e1reas degradadas"},"content":{"rendered":"<p><\/p>\n<div>\n<p>A produ\u00e7\u00e3o de mudas de \u00e1rvores nativas da Mata Atl\u00e2ntica segue fortalecendo as a\u00e7\u00f5es de recomposi\u00e7\u00e3o de \u00e1reas degradadas, plantio urbano e restaura\u00e7\u00e3o ecol\u00f3gica em Jo\u00e3o Pessoa. O trabalho \u00e9 desenvolvido pela Prefeitura, por meio da Secretaria de Meio Ambiente (Semam),\u00a0 dentro do Programa Jo\u00e3o Pessoa + Verde. A iniciativa fortalece a pol\u00edtica ambiental do Munic\u00edpio e amplia os espa\u00e7os verdes da Capital.<\/p>\n<figure class=\"wp-block-gallery has-nested-images columns-default is-cropped wp-block-gallery-1 is-layout-flex wp-block-gallery-is-layout-flex\">\n<figure class=\"wp-block-image size-large\"><\/figure>\n<figure class=\"wp-block-image size-large\"><\/figure>\n<\/figure>\n<p>No in\u00edcio de 2026, o processo de produ\u00e7\u00e3o de mudas apresentou desempenho moderado, em raz\u00e3o das elevadas temperaturas sazonais e do aumento do \u00edndice de mortalidade vegetal, t\u00edpico deste per\u00edodo. Ainda assim, conforme dados repassados pelos t\u00e9cnicos da Divis\u00e3o de Arboriza\u00e7\u00e3o, somente no m\u00eas de janeiro foram produzidas aproximadamente 500 mudas de esp\u00e9cies nativas da Mata Atl\u00e2ntica, como ip\u00ea branco, ip\u00ea de jardim e esp\u00e9cies frut\u00edferas, a exemplo da pinheira, assegurando a continuidade do estoque destinado \u00e0s a\u00e7\u00f5es do Programa Jo\u00e3o Pessoa + Verde.<\/p>\n<figure class=\"wp-block-gallery has-nested-images columns-default is-cropped wp-block-gallery-2 is-layout-flex wp-block-gallery-is-layout-flex\">\n<figure class=\"wp-block-image size-large\"><\/figure>\n<figure class=\"wp-block-image size-large\"><\/figure>\n<figure class=\"wp-block-image size-large\"><\/figure>\n<\/figure>\n<p>O secret\u00e1rio de Meio Ambiente, Welison Silveira, ressaltou que o programa consolida e amplia as estrat\u00e9gias ambientais do Munic\u00edpio, integrando a\u00e7\u00f5es de arboriza\u00e7\u00e3o urbana, recupera\u00e7\u00e3o de \u00e1reas degradadas e enfrentamento \u00e0s mudan\u00e7as clim\u00e1ticas. \u201c\u00c9 importante manter o compromisso com a arboriza\u00e7\u00e3o da cidade, que contribui com a mitiga\u00e7\u00e3o da eleva\u00e7\u00e3o das temperaturas, tamb\u00e9m com a biodiversidade de fauna e da flora, contribuindo assim para atingir os nossos compromissos para as mudan\u00e7as clim\u00e1ticas\u201d, afirmou.<\/p>\n<figure class=\"wp-block-gallery has-nested-images columns-default is-cropped wp-block-gallery-3 is-layout-flex wp-block-gallery-is-layout-flex\">\n<figure class=\"wp-block-image size-large\"><\/figure>\n<figure class=\"wp-block-image size-large\"><\/figure>\n<figure class=\"wp-block-image size-large\"><\/figure>\n<\/figure>\n<p><strong>Jo\u00e3o Pessoa + Verde \u2013<\/strong>\u00a0Lan\u00e7ado em 11 de agosto do ano passado, o Programa Jo\u00e3o Pessoa + Verde re\u00fane iniciativas j\u00e1 executadas pela Semam e estabelece metas ampliadas para a Capital. Entre os compromissos assumidos est\u00e1 o plantio de 500 mil \u00e1rvores at\u00e9 2030, anunciado durante a COP 28, em alinhamento \u00e0s pol\u00edticas globais de sustentabilidade.<\/p>\n<figure class=\"wp-block-gallery has-nested-images columns-default is-cropped wp-block-gallery-4 is-layout-flex wp-block-gallery-is-layout-flex\">\n<figure class=\"wp-block-image size-large\"><\/figure>\n<figure class=\"wp-block-image size-large\"><\/figure>\n<\/figure>\n<p>Desde o lan\u00e7amento do programa, centenas de mudas j\u00e1 foram plantadas em bairros como Bessa, Colinas do Sul, Gramame, Mangabeira, Portal do Sol, Funcion\u00e1rios, Valentina, Cristo Redentor, Cabo Branco, Miramar e Barra de Gramame. Esp\u00e9cies como ip\u00eas, jacarand\u00e1s, castanheiras, pau-ferro, perobinha e aroeira foram selecionadas pelo valor ecol\u00f3gico e pela contribui\u00e7\u00e3o \u00e0 biodiversidade local.<\/p>\n<figure class=\"wp-block-gallery has-nested-images columns-default is-cropped wp-block-gallery-5 is-layout-flex wp-block-gallery-is-layout-flex\">\n<figure class=\"wp-block-image size-large\"><\/figure>\n<figure class=\"wp-block-image size-large\"><\/figure>\n<\/figure>\n<p>Entre as interven\u00e7\u00f5es priorit\u00e1rias est\u00e1 a \u00e1rea da obra da ponte que liga o Altiplano ao Hospital Universit\u00e1rio Lauro Wanderley, onde houve necessidade de supress\u00e3o vegetal para avan\u00e7o do empreendimento. Como medida de recupera\u00e7\u00e3o ambiental, j\u00e1 foram plantadas aproximadamente 300 mudas de esp\u00e9cies nativas no novo acesso Altiplano-HU, com previs\u00e3o de plantio de outras 200.<\/p>\n<figure class=\"wp-block-gallery has-nested-images columns-default is-cropped wp-block-gallery-6 is-layout-flex wp-block-gallery-is-layout-flex\">\n<figure class=\"wp-block-image size-large\"><\/figure>\n<figure class=\"wp-block-image size-large\"><\/figure>\n<\/figure>\n<p>\u201cNo novo acesso ao Altiplano-HU, n\u00f3s j\u00e1 plantamos mais de 300 indiv\u00edduos arb\u00f3reos. Ser\u00e1 um grande marco para a cidade de Jo\u00e3o Pessoa ter futuramente um corredor daquele extremamente arborizado, e com isso contribuindo com o clima e deixando a cidade cada vez mais verde\u201d, destacou S\u00e9rgio Chaves, coordenador do Programa Jo\u00e3o Pessoa + Verde.<\/p>\n<figure class=\"wp-block-gallery has-nested-images columns-default is-cropped wp-block-gallery-7 is-layout-flex wp-block-gallery-is-layout-flex\">\n<figure class=\"wp-block-image size-large\"><\/figure>\n<figure class=\"wp-block-image size-large\"><\/figure>\n<figure class=\"wp-block-image size-large\"><\/figure>\n<\/figure>\n<p>Para 2026, o planejamento t\u00e9cnico da Divis\u00e3o de Arboriza\u00e7\u00e3o prev\u00ea a amplia\u00e7\u00e3o das a\u00e7\u00f5es de recomposi\u00e7\u00e3o florestal em \u00e1reas previamente diagnosticadas como degradadas, como Gramame, Comunidade Dubai (Mangabeira), Bairro das Ind\u00fastrias, Jacarap\u00e9, Mu\u00e7umagro e Portal do Sol. As interven\u00e7\u00f5es integram o cronograma anual de restaura\u00e7\u00e3o ecol\u00f3gica, com metas de plantio, monitoramento t\u00e9cnico e manuten\u00e7\u00e3o das \u00e1reas recuperadas ao longo do ano.<\/p>\n<p>O programa tamb\u00e9m fortalece parcerias com institui\u00e7\u00f5es como o Tribunal Regional do Trabalho da 13\u00aa Regi\u00e3o, a C\u00e2mara Municipal de Jo\u00e3o Pessoa, escolas municipais e o Ex\u00e9rcito Brasileiro, al\u00e9m de estimular a participa\u00e7\u00e3o da popula\u00e7\u00e3o no cuidado com as mudas e na ado\u00e7\u00e3o de novas esp\u00e9cies distribu\u00eddas em a\u00e7\u00f5es educativas.<\/p>\n<p><strong>Tree City of the World<\/strong> \u2013 Reconhecida internacionalmente como \u2018Tree City of the World\u2019 pela quarta vez consecutiva, t\u00edtulo concedido pela Organiza\u00e7\u00e3o das Na\u00e7\u00f5es Unidas para a Alimenta\u00e7\u00e3o e Agricultura (FAO) e pela Arbor Day Foundation, Jo\u00e3o Pessoa consolida sua pol\u00edtica ambiental ao investir na cria\u00e7\u00e3o de corredores ecol\u00f3gicos, vias arborizadas, pra\u00e7as e parques, fortalecendo um legado sustent\u00e1vel para as pr\u00f3ximas gera\u00e7\u00f5es.<\/p>\n<p><strong>Viveiro Municipal \u2013\u00a0<\/strong>A produ\u00e7\u00e3o das mudas ocorre no Viveiro Municipal, no bairro de Gramame, onde a equipe t\u00e9cnica realiza todas as etapas do processo, desde a coleta de sementes de \u00e1rvores matrizes at\u00e9 o cultivo das mudas aptas ao plantio. Ap\u00f3s a coleta, as sementes passam por secagem e matura\u00e7\u00e3o, s\u00e3o semeadas e, ao germinarem, originam pl\u00e2ntulas que, ao atingirem cerca de 10 cent\u00edmetros, passam pelo processo de repicagem, sendo transferidas para sacos individuais para continuidade do desenvolvimento.<\/p>\n<p>Para garantir a viabilidade de esp\u00e9cies recalcitrantes, que n\u00e3o suportam temperaturas elevadas e perdem rapidamente a capacidade de germina\u00e7\u00e3o, o viveiro conta com c\u00e2mara fria, mantida a temperatura abaixo de 20\u00b0C. Entre as esp\u00e9cies que necessitam desse cuidado est\u00e3o algod\u00e3o-da-praia, jacarand\u00e1-mimoso, ip\u00ea-do-cerrado e mogno. As mudas produzidas s\u00e3o destinadas ao plantio urbano, \u00e0 recupera\u00e7\u00e3o de \u00e1reas degradadas e ao repovoamento de \u00e1reas de restinga, priorizando esp\u00e9cies nativas e end\u00eamicas da regi\u00e3o.<\/p>\n<p><strong>Servi\u00e7o \u2013<\/strong>\u00a0A popula\u00e7\u00e3o pode retirar at\u00e9 duas mudas por morador no Viveiro Municipal, contribuindo para a amplia\u00e7\u00e3o da arboriza\u00e7\u00e3o urbana. O atendimento ocorre de segunda a sexta-feira, das 8h \u00e0s 12h, na Avenida Embaixador S\u00e9rgio Vieira de Melo, no bairro de Gramame.<\/p>\n<\/p><\/div>\n","protected":false},"excerpt":{"rendered":"<p>A produ\u00e7\u00e3o de mudas de \u00e1rvores nativas da Mata Atl\u00e2ntica segue fortalecendo as a\u00e7\u00f5es de recomposi\u00e7\u00e3o de \u00e1reas degradadas, plantio urbano e restaura\u00e7\u00e3o ecol\u00f3gica em Jo\u00e3o Pessoa. O trabalho \u00e9 desenvolvido pela Prefeitura, por meio da Secretaria de Meio Ambiente (Semam),\u00a0 dentro do Programa Jo\u00e3o Pessoa + Verde. A iniciativa fortalece a pol\u00edtica ambiental do [&hellip;]<\/p>\n","protected":false},"author":1,"featured_media":0,"comment_status":"","ping_status":"","sticky":false,"template":"","format":"standard","meta":{"footnotes":""},"categories":[1],"tags":[],"class_list":["post-47084","post","type-post","status-publish","format-standard","hentry","category-noticias"],"amp_enabled":true,"_links":{"self":[{"href":"https:\/\/novasdodia.com.br\/index.php\/wp-json\/wp\/v2\/posts\/47084","targetHints":{"allow":["GET"]}}],"collection":[{"href":"https:\/\/novasdodia.com.br\/index.php\/wp-json\/wp\/v2\/posts"}],"about":[{"href":"https:\/\/novasdodia.com.br\/index.php\/wp-json\/wp\/v2\/types\/post"}],"author":[{"embeddable":true,"href":"https:\/\/novasdodia.com.br\/index.php\/wp-json\/wp\/v2\/users\/1"}],"replies":[{"embeddable":true,"href":"https:\/\/novasdodia.com.br\/index.php\/wp-json\/wp\/v2\/comments?post=47084"}],"version-history":[{"count":0,"href":"https:\/\/novasdodia.com.br\/index.php\/wp-json\/wp\/v2\/posts\/47084\/revisions"}],"wp:attachment":[{"href":"https:\/\/novasdodia.com.br\/index.php\/wp-json\/wp\/v2\/media?parent=47084"}],"wp:term":[{"taxonomy":"category","embeddable":true,"href":"https:\/\/novasdodia.com.br\/index.php\/wp-json\/wp\/v2\/categories?post=47084"},{"taxonomy":"post_tag","embeddable":true,"href":"https:\/\/novasdodia.com.br\/index.php\/wp-json\/wp\/v2\/tags?post=47084"}],"curies":[{"name":"wp","href":"https:\/\/api.w.org\/{rel}","templated":true}]}}