{"id":47085,"date":"2026-03-07T21:03:35","date_gmt":"2026-03-08T00:03:35","guid":{"rendered":"https:\/\/novasdodia.com.br\/index.php\/2026\/03\/07\/trecho-da-avenida-tres-barras-e-liberado-neste-sabado-cgnoticias\/"},"modified":"2026-03-07T21:03:35","modified_gmt":"2026-03-08T00:03:35","slug":"trecho-da-avenida-tres-barras-e-liberado-neste-sabado-cgnoticias","status":"publish","type":"post","link":"https:\/\/novasdodia.com.br\/index.php\/2026\/03\/07\/trecho-da-avenida-tres-barras-e-liberado-neste-sabado-cgnoticias\/","title":{"rendered":"Trecho da Avenida Tr\u00eas Barras \u00e9 liberado neste s\u00e1bado \u2013 CGNot\u00edcias"},"content":{"rendered":"<p><\/p>\n<div>\n<p>A Ag\u00eancia Municipal de Transporte e Tr\u00e2nsito (Agetran) informou que a Avenida Tr\u00eas Barras, no trecho entre as ruas Felipe Camar\u00e3o e Domingos Jorge Velho, j\u00e1 est\u00e1 liberada para o tr\u00e1fego de ve\u00edculos desde o fim da tarde deste s\u00e1bado.<\/p>\n<p>A libera\u00e7\u00e3o ocorreu ap\u00f3s a conclus\u00e3o dos servi\u00e7os realizados no local, permitindo o restabelecimento da circula\u00e7\u00e3o normal na via.<\/p>\n<p>O trecho havia sido interditado no dia 23 de fevereiro para a execu\u00e7\u00e3o das interven\u00e7\u00f5es necess\u00e1rias na regi\u00e3o. Com a finaliza\u00e7\u00e3o dos trabalhos, o tr\u00e2nsito foi totalmente liberado e voltou a operar normalmente.<\/p>\n<figure class=\"wp-block-image size-large\"><\/figure>\n<p>#ParaTodosVerem<br \/><em>A imagem em destaque mostra o tr\u00e2nsito fluindo normalmente<\/em><\/p>\n<\/div>\n<p><script async defer async defer src=\"https:\/\/connect.facebook.net\/en_US\/sdk.js?ver=1#xfbml=1&amp;version=v3.2\" id=\"prefeitura-campogrande-script-facebook-sdk-js\"><\/script><\/p>\n","protected":false},"excerpt":{"rendered":"<p>A Ag\u00eancia Municipal de Transporte e Tr\u00e2nsito (Agetran) informou que a Avenida Tr\u00eas Barras, no trecho entre as ruas Felipe Camar\u00e3o e Domingos Jorge Velho, j\u00e1 est\u00e1 liberada para o tr\u00e1fego de ve\u00edculos desde o fim da tarde deste s\u00e1bado. A libera\u00e7\u00e3o ocorreu ap\u00f3s a conclus\u00e3o dos servi\u00e7os realizados no local, permitindo o restabelecimento da [&hellip;]<\/p>\n","protected":false},"author":1,"featured_media":0,"comment_status":"","ping_status":"","sticky":false,"template":"","format":"standard","meta":{"footnotes":""},"categories":[],"tags":[],"class_list":["post-47085","post","type-post","status-publish","format-standard","hentry"],"amp_enabled":true,"_links":{"self":[{"href":"https:\/\/novasdodia.com.br\/index.php\/wp-json\/wp\/v2\/posts\/47085","targetHints":{"allow":["GET"]}}],"collection":[{"href":"https:\/\/novasdodia.com.br\/index.php\/wp-json\/wp\/v2\/posts"}],"about":[{"href":"https:\/\/novasdodia.com.br\/index.php\/wp-json\/wp\/v2\/types\/post"}],"author":[{"embeddable":true,"href":"https:\/\/novasdodia.com.br\/index.php\/wp-json\/wp\/v2\/users\/1"}],"replies":[{"embeddable":true,"href":"https:\/\/novasdodia.com.br\/index.php\/wp-json\/wp\/v2\/comments?post=47085"}],"version-history":[{"count":0,"href":"https:\/\/novasdodia.com.br\/index.php\/wp-json\/wp\/v2\/posts\/47085\/revisions"}],"wp:attachment":[{"href":"https:\/\/novasdodia.com.br\/index.php\/wp-json\/wp\/v2\/media?parent=47085"}],"wp:term":[{"taxonomy":"category","embeddable":true,"href":"https:\/\/novasdodia.com.br\/index.php\/wp-json\/wp\/v2\/categories?post=47085"},{"taxonomy":"post_tag","embeddable":true,"href":"https:\/\/novasdodia.com.br\/index.php\/wp-json\/wp\/v2\/tags?post=47085"}],"curies":[{"name":"wp","href":"https:\/\/api.w.org\/{rel}","templated":true}]}}