{"id":47086,"date":"2026-03-07T21:08:33","date_gmt":"2026-03-08T00:08:33","guid":{"rendered":"https:\/\/novasdodia.com.br\/index.php\/2026\/03\/07\/4a-edicao-da-expo-mulheres-empreendedoras-e-realizada-no-centro-de-sorocaba-e-atracoes-homenageiam-o-dia-internacional-da-mulher\/"},"modified":"2026-03-07T21:08:33","modified_gmt":"2026-03-08T00:08:33","slug":"4a-edicao-da-expo-mulheres-empreendedoras-e-realizada-no-centro-de-sorocaba-e-atracoes-homenageiam-o-dia-internacional-da-mulher","status":"publish","type":"post","link":"https:\/\/novasdodia.com.br\/index.php\/2026\/03\/07\/4a-edicao-da-expo-mulheres-empreendedoras-e-realizada-no-centro-de-sorocaba-e-atracoes-homenageiam-o-dia-internacional-da-mulher\/","title":{"rendered":"4\u00aa edi\u00e7\u00e3o da Expo Mulheres Empreendedoras \u00e9 realizada no Centro de Sorocaba e atra\u00e7\u00f5es homenageiam o Dia Internacional da Mulher"},"content":{"rendered":"<p><\/p>\n<div wp_automatic_readability=\"31\">\n<div class=\"col\" wp_automatic_readability=\"7\">\n<p class=\"mt-0\">\n                        <strong><br \/>\n                            <span class=\"far fa-calendar mr-1 mt-2\"\/><br \/>\n                            7 de mar\u00e7o de 2026<br \/>\n                            <span class=\"far fa-clock ml-3 mt-2\"\/><br \/>\n                            17:49<br \/>\n                        <\/strong>\n                    <\/p>\n<p class=\"mb-0\">Por: <strong>Rose Campos<\/strong><\/p>\n<\/p><\/div>\n<\/p><\/div>\n<div wp_automatic_readability=\"112\">\n<p align=\"justify\">\n<p align=\"justify\"><em>Fotos: Rose Campos\/Secom<\/em><\/p>\n<p align=\"justify\"><span style=\"color: #171717;\"><span style=\"font-family: Arial, sans-serif;\"><span style=\"font-size: medium;\">A Prefeitura de Sorocaba, por meio da Secretaria da Mulher (Semul) e do Fundo Social de Solidariedade (FSS), realizou, neste s\u00e1bado (7), a 4\u00aa edi\u00e7\u00e3o da Expo Mulheres Empreendedoras, na Pra\u00e7a Coronel Fernando Prestes, no Centro, reunindo cerca de 75 expositoras dos mais diversos ramos do empreendedorismo.<\/span><\/span><\/span><\/p>\n<p align=\"justify\"><span style=\"color: #171717;\"><span style=\"font-family: Arial, sans-serif;\"><span style=\"font-size: medium;\">O objetivo da iniciativa municipal, que contou com apoio da Secretaria de Empreendedorismo, da Microempresa e da Empresa de Pequeno Porte (Semepp),\u00a0<\/span><\/span><\/span><span style=\"color: #171717;\"><span style=\"font-family: Arial, sans-serif;\"><span style=\"font-size: medium;\">do Sebrae Sorocaba\u00a0<\/span><\/span><\/span><span style=\"color: #171717;\"><span style=\"font-family: Arial, sans-serif;\"><span style=\"font-size: medium;\">e da Associa\u00e7\u00e3o Comercial de Sorocaba (ACSO), foi de oferecer oportunidade a mulheres da cidade com perfil empreendedor e que buscam crescimento profissional, divulga\u00e7\u00e3o de seu trabalho e valoriza\u00e7\u00e3o no mercado. <\/span><\/span><\/span><\/p>\n<p align=\"justify\"><span style=\"color: #171717;\"><span style=\"font-family: Arial, sans-serif;\"><span style=\"font-size: medium;\">Na abertura da Expo Mulheres Empreendedoras, a secret\u00e1ria da Mulher <\/span><\/span><\/span><span style=\"color: #171717;\"><span style=\"font-family: Arial, sans-serif;\"><span style=\"font-size: medium;\">e presidente do Fundo Social de Solidariedade<\/span><\/span><\/span><span style=\"color: #171717;\"><span style=\"font-family: Arial, sans-serif;\"><span style=\"font-size: medium;\">, Ros\u00e2ngela Perecini, agradeceu <\/span><\/span><\/span><span style=\"color: #171717;\"><span style=\"font-family: Arial, sans-serif;\"><span style=\"font-size: medium;\">toda a <\/span><\/span><\/span><span style=\"color: #171717;\"><span style=\"font-family: Arial, sans-serif;\"><span style=\"font-size: medium;\">equipe <\/span><\/span><\/span><span style=\"color: #171717;\"><span style=\"font-family: Arial, sans-serif;\"><span style=\"font-size: medium;\">da Semul e de outras Secretarias parceiras, pela <\/span><\/span><\/span><span style=\"color: #171717;\"><span style=\"font-family: Arial, sans-serif;\"><span style=\"font-size: medium;\">dedica\u00e7\u00e3o e carinho <\/span><\/span><\/span><span style=\"color: #171717;\"><span style=\"font-family: Arial, sans-serif;\"><span style=\"font-size: medium;\">investidos <\/span><\/span><\/span><span style=\"color: #171717;\"><span style=\"font-family: Arial, sans-serif;\"><span style=\"font-size: medium;\">na organiza\u00e7\u00e3o do evento. \u201c<\/span><\/span><\/span><span style=\"color: #171717;\"><span style=\"font-family: Arial, sans-serif;\"><span style=\"font-size: medium;\">Este \u00e9 um dia muito especial, quando muitas mulheres empreendedoras t\u00eam a oportunidade de <\/span><\/span><\/span><span style=\"color: #171717;\"><span style=\"font-family: Arial, sans-serif;\"><span style=\"font-size: medium;\">dar impulso aos seus neg\u00f3cios. Mas isso n\u00e3o aconteceria sem o empenho de muitas pessoas que trabalharam com muita dedica\u00e7\u00e3o para este evento acontecer<\/span><\/span><\/span><span style=\"color: #171717;\"><span style=\"font-family: Arial, sans-serif;\"><span style=\"font-size: medium;\">\u201d, d<\/span><\/span><\/span><span style=\"color: #171717;\"><span style=\"font-family: Arial, sans-serif;\"><span style=\"font-size: medium;\">isse a secret\u00e1ria <\/span><\/span><\/span><span style=\"color: #171717;\"><span style=\"font-family: Arial, sans-serif;\"><span style=\"font-size: medium;\">Ros<\/span><\/span><\/span><span style=\"color: #171717;\"><span style=\"font-family: Arial, sans-serif;\"><span style=\"font-size: medium;\">a<\/span><\/span><\/span><span style=\"color: #171717;\"><span style=\"font-family: Arial, sans-serif;\"><span style=\"font-size: medium;\">ngela. <\/span><\/span><\/span><span style=\"color: #171717;\"><span style=\"font-family: Arial, sans-serif;\"><span style=\"font-size: medium;\">No local tamb\u00e9m esteve presente o secret\u00e1rio de <\/span><\/span><\/span><span style=\"color: #171717;\"><span style=\"font-family: Arial, sans-serif;\"><span style=\"font-size: medium;\">Rela\u00e7\u00f5es do Trabalho e Qualifica\u00e7\u00e3o Profissional (Sert), P\u00e9ricles Regis, <\/span><\/span><\/span><span style=\"color: #171717;\"><span style=\"font-family: Arial, sans-serif;\"><span style=\"font-size: medium;\">e o secret\u00e1rio <\/span><\/span><\/span><span style=\"color: #171717;\"><span style=\"font-family: Arial, sans-serif;\"><span style=\"font-size: medium;\">interino da Semepp, Andr\u00e9 Moron.<\/span><\/span><\/span><\/p>\n<p align=\"justify\"><span style=\"color: #171717;\"><span style=\"font-family: Arial, sans-serif;\"><span style=\"font-size: medium;\">O evento, que teve uma programa\u00e7\u00e3o com v\u00e1rias atra\u00e7\u00f5es culturais, tamb\u00e9m homenageou o Dia Internacional da Mulher, que \u00e9 celebrado mundialmente neste domingo (8). Apresentaram-se, no palco do evento: grupo Elas no Samba, a Galera do Passinho, o grupo de Tablado Flamenco, da professora Thalma Di Lelli, a cantora Tereza Baddini e Banda, a orquestra Locomotiva e a Escola de Dan\u00e7a All Style, al\u00e9m de um aul\u00e3o de dan\u00e7a com Caio Sorriso e de uma apresenta\u00e7\u00e3o art\u00edstica com o <\/span><\/span><\/span><span style=\"color: #171717;\"><span style=\"font-family: Arial, sans-serif;\"><span style=\"font-size: medium;\">Grupo Las Bonitas,\u00a0<\/span><\/span><\/span><span style=\"color: #171717;\"><span style=\"font-family: Arial, sans-serif;\"><span style=\"font-size: medium;\">de frequentadoras do Clube do Idoso.<\/span><\/span><\/span><\/p>\n<p align=\"justify\"><span style=\"color: #171717;\"><span style=\"font-family: Arial, sans-serif;\"><span style=\"font-size: medium;\">Nas dezenas de tendas espalhadas pela Pra\u00e7a, os sorocabanos puderam ter acesso a produtos e servi\u00e7os das expositoras, de diferentes segmentos, como Confeitaria e Panifica\u00e7\u00e3o; Artesanato, Est\u00e9tica e Beleza, Confec\u00e7\u00e3o e Moda; Decora\u00e7\u00f5es em geral; Saboaria Artesanal; Bijouterias; e presta\u00e7\u00e3o de servi\u00e7os.<\/span><\/span><\/span><\/p>\n<p align=\"justify\"><span style=\"color: #171717;\"><span style=\"font-family: Arial, sans-serif;\"><span style=\"font-size: medium;\">O Poder P\u00fablico Municipal, por meio da Secretaria de Rela\u00e7\u00f5es do Trabalho e Qualifica\u00e7\u00e3o Profissional (Sert), deixou \u00e0 disposi\u00e7\u00e3o dos mun\u00edcipes a unidade m\u00f3vel do Sine Municipal, al\u00e9m da Feira de Artesanato. J\u00e1 a Secretaria da Sa\u00fade (SES) realizou aferi\u00e7\u00e3o de press\u00e3o. Enquanto a Secretaria de Meio Ambiente, Prote\u00e7\u00e3o e Bem-Estar Animal (Sema), ofereceu ao p\u00fablico presente mudas de plantas e \u00e1rvores. Na Pra\u00e7a Coronel Fernando Prestes, as pessoas tamb\u00e9m tiveram acesso \u00e0s orienta\u00e7\u00f5es do Sebrae Sorocaba e do Banco do Povo. <\/span><\/span><\/span><\/p>\n<p align=\"justify\"><span style=\"color: #171717;\"><span style=\"font-family: Arial, sans-serif;\"><span style=\"font-size: medium;\">Todas as empreendedoras participantes foram selecionadas por meio de edital de chamamento publicado no jornal Munic\u00edpio de Sorocaba.\u00a0<\/span><\/span><\/span><span style=\"color: #171717;\"><span style=\"font-family: Arial, sans-serif;\"><span style=\"font-size: medium;\">A Secretaria da Mulher est\u00e1 localizada na Av. Rudolf Dafferner, 65, no Alto da Boa Vista e atende de segunda a sexta-feira, das 8h \u00e0s 17h, pelo WhatsApp: (15) 99772-6431 ou pelo e-mail: semul@sorocaba.sp.gov.br.<\/span><\/span><\/span><\/p>\n<p><!-- Root element of PhotoSwipe. Must have class pswp. --><\/p><\/div>\n","protected":false},"excerpt":{"rendered":"<p>7 de mar\u00e7o de 2026 17:49 Por: Rose Campos Fotos: Rose Campos\/Secom A Prefeitura de Sorocaba, por meio da Secretaria da Mulher (Semul) e do Fundo Social de Solidariedade (FSS), realizou, neste s\u00e1bado (7), a 4\u00aa edi\u00e7\u00e3o da Expo Mulheres Empreendedoras, na Pra\u00e7a Coronel Fernando Prestes, no Centro, reunindo cerca de 75 expositoras dos mais [&hellip;]<\/p>\n","protected":false},"author":1,"featured_media":0,"comment_status":"","ping_status":"","sticky":false,"template":"","format":"standard","meta":{"footnotes":""},"categories":[1],"tags":[],"class_list":["post-47086","post","type-post","status-publish","format-standard","hentry","category-noticias"],"amp_enabled":true,"_links":{"self":[{"href":"https:\/\/novasdodia.com.br\/index.php\/wp-json\/wp\/v2\/posts\/47086","targetHints":{"allow":["GET"]}}],"collection":[{"href":"https:\/\/novasdodia.com.br\/index.php\/wp-json\/wp\/v2\/posts"}],"about":[{"href":"https:\/\/novasdodia.com.br\/index.php\/wp-json\/wp\/v2\/types\/post"}],"author":[{"embeddable":true,"href":"https:\/\/novasdodia.com.br\/index.php\/wp-json\/wp\/v2\/users\/1"}],"replies":[{"embeddable":true,"href":"https:\/\/novasdodia.com.br\/index.php\/wp-json\/wp\/v2\/comments?post=47086"}],"version-history":[{"count":0,"href":"https:\/\/novasdodia.com.br\/index.php\/wp-json\/wp\/v2\/posts\/47086\/revisions"}],"wp:attachment":[{"href":"https:\/\/novasdodia.com.br\/index.php\/wp-json\/wp\/v2\/media?parent=47086"}],"wp:term":[{"taxonomy":"category","embeddable":true,"href":"https:\/\/novasdodia.com.br\/index.php\/wp-json\/wp\/v2\/categories?post=47086"},{"taxonomy":"post_tag","embeddable":true,"href":"https:\/\/novasdodia.com.br\/index.php\/wp-json\/wp\/v2\/tags?post=47086"}],"curies":[{"name":"wp","href":"https:\/\/api.w.org\/{rel}","templated":true}]}}