{"id":47106,"date":"2026-03-08T11:49:42","date_gmt":"2026-03-08T14:49:42","guid":{"rendered":"https:\/\/novasdodia.com.br\/index.php\/2026\/03\/08\/agencia-minas-gerais-governo-de-minas-destaca-programas-de-apoio-e-autonomia-feminina\/"},"modified":"2026-03-08T11:49:42","modified_gmt":"2026-03-08T14:49:42","slug":"agencia-minas-gerais-governo-de-minas-destaca-programas-de-apoio-e-autonomia-feminina","status":"publish","type":"post","link":"https:\/\/novasdodia.com.br\/index.php\/2026\/03\/08\/agencia-minas-gerais-governo-de-minas-destaca-programas-de-apoio-e-autonomia-feminina\/","title":{"rendered":"Ag\u00eancia Minas Gerais | Governo de Minas destaca programas de apoio e autonomia feminina"},"content":{"rendered":"<p><\/p>\n<div>\n<p>No Dia Internacional da Mulher, celebrado neste domingo (8\/3), o Governo de Minas ressalta a\u00e7\u00f5es que promovem autonomia, prote\u00e7\u00e3o social e gera\u00e7\u00e3o de renda para mulheres em diversas regi\u00f5es do estado. Diariamente, a Secretaria de Estado de Desenvolvimento Social (Sedese) trabalha para garantir direitos, ampliar oportunidades e fortalecer a autonomia das mulheres mineiras.<\/p>\n<p>Emily Roberta, por exemplo, encontrou no Leite para a Primeira Inf\u00e2ncia um apoio essencial para criar os dois filhos. &#8220;Eu sou m\u00e3e solo. O leite est\u00e1 sendo uma reviravolta muito boa na minha vida. \u00c9 um peso a menos pra gente&#8221;, destaca a moradora de Sabar\u00e1, na Regi\u00e3o Metropolitana de Belo Horizonte (RMBH).<\/p>\n<p>O programa coordenado pela Sedese vai impactar a vida de quase 50 mil fam\u00edlias mineiras. Na regi\u00e3o de atua\u00e7\u00e3o do Instituto de Desenvolvimento Norte e Nordeste de Minas Gerais (Idene), j\u00e1 foram distribu\u00eddos mais de 1,25 milh\u00e3o de litros de leite, representando apoio essencial para fam\u00edlias com crian\u00e7as de 2 a 6 anos em vulnerabilidade social.<\/p>\n<p>Para a secret\u00e1ria de Estado de Desenvolvimento Social, Al\u00ea Portela, assegurar o direito \u00e0 alimenta\u00e7\u00e3o \u00e9 o primeiro passo para transformar a vida das fam\u00edlias. &#8220;Quando garantimos seguran\u00e7a alimentar, estamos fortalecendo a autonomia das mulheres e apoiando diretamente as fam\u00edlias mineiras. Na Sedese, a mulher \u00e9 o centro de cada a\u00e7\u00e3o que desenvolvemos, porque sabemos que quando ela \u00e9 apoiada, toda a fam\u00edlia avan\u00e7a junto&#8221;.<\/p>\n<p>M\u00e3e de quatro crian\u00e7as, Ana Fran\u00e7a tamb\u00e9m recebe o leite distribu\u00eddo pelo programa e j\u00e1 sente o impacto no or\u00e7amento.\u00a0&#8220;N\u00e3o \u00e9 f\u00e1cil criar os filhos sozinha, \u00e9\u00a0muito aperto. Essa ajuda d\u00e1 uma aliviada muito grande&#8221;, conta.<\/p>\n<p><b>Rede de prote\u00e7\u00e3o \u00e0s mulheres<\/b><\/p>\n<p>A Sedese fortalece a rede de enfrentamento \u00e0 viol\u00eancia contra a mulher por meio da Subsecretaria de Pol\u00edticas para as Mulheres (Subpdm), com a\u00e7\u00f5es de acolhimento, capacita\u00e7\u00e3o e apoio em todo o estado. No m\u00eas da Mulher, o Protocolo Fale Agora ganha for\u00e7a com rodas de conversa e capacita\u00e7\u00f5es para prevenir a viol\u00eancia sexual em espa\u00e7os de lazer e conviv\u00eancia. A Sedese tamb\u00e9m ampliou a articula\u00e7\u00e3o com as pol\u00edcias Civil (PCMG) e Militar (PMMG), al\u00e9m da Defensoria P\u00fablica (DPMG), Minist\u00e9rio P\u00fablico (MPMG) e Tribunal de Justi\u00e7a (TJMG) para fortalecer a atua\u00e7\u00e3o integrada no enfrentamento \u00e0 viol\u00eancia.<\/p>\n<p>&#8220;Queremos que cada mulher sinta, no acolhimento da nossa rede, a certeza de que sua vida importa e de que ela nunca estar\u00e1 sozinha para recome\u00e7ar com dignidade e for\u00e7a&#8221;, afirma a subsecret\u00e1ria de Pol\u00edtica dos Direitos das Mulheres Joana Coelho.<\/p>\n<p><b>Qualifica\u00e7\u00e3o e incentivos<\/b><\/p>\n<p>O Trajeto Moda \u00e9 outro programa da Sedese que promove a inclus\u00e3o produtiva para ampliar a autonomia feminina. Presente em 92 munic\u00edpios e com 704 participantes formadas, a expans\u00e3o prev\u00ea atendimento em 122 munic\u00edpios e alcance de 1,7 mil mulheres. Em Igarap\u00e9, na RMBH, Selma Pereira Silva encontrou oportunidade para superar desafios.\u00a0&#8220;J\u00e1 me disseram que eu n\u00e3o conseguiria aprender por ser cadeirante. Mas o projeto me mostrou que eu podia&#8221;, relata.<\/p>\n<p>A Subsecretaria de Esportes (Subesp) da Sedese tamb\u00e9m passou a incluir kits de uniformes femininos na aquisi\u00e7\u00e3o de materiais esportivos, incentivando a participa\u00e7\u00e3o de meninas e mulheres no futebol e em outras modalidades.<\/p>\n<\/p><\/div>\n","protected":false},"excerpt":{"rendered":"<p>No Dia Internacional da Mulher, celebrado neste domingo (8\/3), o Governo de Minas ressalta a\u00e7\u00f5es que promovem autonomia, prote\u00e7\u00e3o social e gera\u00e7\u00e3o de renda para mulheres em diversas regi\u00f5es do estado. Diariamente, a Secretaria de Estado de Desenvolvimento Social (Sedese) trabalha para garantir direitos, ampliar oportunidades e fortalecer a autonomia das mulheres mineiras. Emily Roberta, [&hellip;]<\/p>\n","protected":false},"author":1,"featured_media":0,"comment_status":"","ping_status":"","sticky":false,"template":"","format":"standard","meta":{"footnotes":""},"categories":[1],"tags":[],"class_list":["post-47106","post","type-post","status-publish","format-standard","hentry","category-noticias"],"amp_enabled":true,"_links":{"self":[{"href":"https:\/\/novasdodia.com.br\/index.php\/wp-json\/wp\/v2\/posts\/47106","targetHints":{"allow":["GET"]}}],"collection":[{"href":"https:\/\/novasdodia.com.br\/index.php\/wp-json\/wp\/v2\/posts"}],"about":[{"href":"https:\/\/novasdodia.com.br\/index.php\/wp-json\/wp\/v2\/types\/post"}],"author":[{"embeddable":true,"href":"https:\/\/novasdodia.com.br\/index.php\/wp-json\/wp\/v2\/users\/1"}],"replies":[{"embeddable":true,"href":"https:\/\/novasdodia.com.br\/index.php\/wp-json\/wp\/v2\/comments?post=47106"}],"version-history":[{"count":0,"href":"https:\/\/novasdodia.com.br\/index.php\/wp-json\/wp\/v2\/posts\/47106\/revisions"}],"wp:attachment":[{"href":"https:\/\/novasdodia.com.br\/index.php\/wp-json\/wp\/v2\/media?parent=47106"}],"wp:term":[{"taxonomy":"category","embeddable":true,"href":"https:\/\/novasdodia.com.br\/index.php\/wp-json\/wp\/v2\/categories?post=47106"},{"taxonomy":"post_tag","embeddable":true,"href":"https:\/\/novasdodia.com.br\/index.php\/wp-json\/wp\/v2\/tags?post=47106"}],"curies":[{"name":"wp","href":"https:\/\/api.w.org\/{rel}","templated":true}]}}