{"id":47108,"date":"2026-03-08T13:09:38","date_gmt":"2026-03-08T16:09:38","guid":{"rendered":"https:\/\/novasdodia.com.br\/index.php\/2026\/03\/08\/sejuv-realiza-2a-edicao-do-papo-delas-na-semana-da-mulher-cgnoticias\/"},"modified":"2026-03-08T13:09:38","modified_gmt":"2026-03-08T16:09:38","slug":"sejuv-realiza-2a-edicao-do-papo-delas-na-semana-da-mulher-cgnoticias","status":"publish","type":"post","link":"https:\/\/novasdodia.com.br\/index.php\/2026\/03\/08\/sejuv-realiza-2a-edicao-do-papo-delas-na-semana-da-mulher-cgnoticias\/","title":{"rendered":"Sejuv realiza 2\u00aa edi\u00e7\u00e3o do \u201cPapo Delas\u201d na Semana da Mulher \u2013 CGNot\u00edcias"},"content":{"rendered":"<p><\/p>\n<div>\n<p>A Secretaria Executiva da Juventude de Campo Grande (Sejuv) realiza, no dia 11 de mar\u00e7o, \u00e0s 19 horas, a 2\u00aa edi\u00e7\u00e3o do evento Papo Delas, no Teatro do Pa\u00e7o Municipal de Campo Grande, localizado na Avenida Afonso Pena, em Campo Grande. O encontro integra a programa\u00e7\u00e3o especial da Semana da Mulher da Sejuv e tem como objetivo promover acolhimento, inspira\u00e7\u00e3o e fortalecimento das mulheres por meio do di\u00e1logo e da troca de experi\u00eancias.<\/p>\n<p>O Papo Delas contar\u00e1 com palestras inspiradoras, momentos de troca e reflex\u00e3o, al\u00e9m da entrega de certificados \u00e0s participantes que conclu\u00edram os cursos oferecidos pela secretaria durante a programa\u00e7\u00e3o da Semana da Mulher da Sejuv.<\/p>\n<p>Entre as convidadas est\u00e3o Kely Nogueira, presidente do Conselho dos Diretores e Diretores Adjuntos das Escolas Municipais (Condaem); a delegada da Pol\u00edcia Civil de Mato Grosso do Sul, Karoline Souza; e a psic\u00f3loga cl\u00ednica Fabiana Cunha.<\/p>\n<p>Durante o encontro, as palestrantes ir\u00e3o abordar temas como protagonismo feminino, sa\u00fade mental e seguran\u00e7a da mulher, trazendo orienta\u00e7\u00f5es e experi\u00eancias que contribuem para o fortalecimento da autonomia, da autoestima e do empoderamento feminino.<\/p>\n<p>Conforme a Sejuv, o objetivo do evento \u00e9 promover um espa\u00e7o de escuta, acolhimento e inspira\u00e7\u00e3o, incentivando mulheres a compartilharem experi\u00eancias, ampliarem conhecimentos e fortalecerem sua confian\u00e7a para enfrentar desafios pessoais e profissionais.<\/p>\n<p><em>#ParaTodosVerem: Imagem da primeira edi\u00e7\u00e3o com a participa\u00e7\u00e3o de palestrantes no \u2018Papi Delas\u2019.<\/em><\/p>\n<\/div>\n<p><script async defer async defer src=\"https:\/\/connect.facebook.net\/en_US\/sdk.js?ver=1#xfbml=1&amp;version=v3.2\" id=\"prefeitura-campogrande-script-facebook-sdk-js\"><\/script><\/p>\n","protected":false},"excerpt":{"rendered":"<p>A Secretaria Executiva da Juventude de Campo Grande (Sejuv) realiza, no dia 11 de mar\u00e7o, \u00e0s 19 horas, a 2\u00aa edi\u00e7\u00e3o do evento Papo Delas, no Teatro do Pa\u00e7o Municipal de Campo Grande, localizado na Avenida Afonso Pena, em Campo Grande. O encontro integra a programa\u00e7\u00e3o especial da Semana da Mulher da Sejuv e tem [&hellip;]<\/p>\n","protected":false},"author":1,"featured_media":0,"comment_status":"","ping_status":"","sticky":false,"template":"","format":"standard","meta":{"footnotes":""},"categories":[],"tags":[],"class_list":["post-47108","post","type-post","status-publish","format-standard","hentry"],"amp_enabled":true,"_links":{"self":[{"href":"https:\/\/novasdodia.com.br\/index.php\/wp-json\/wp\/v2\/posts\/47108","targetHints":{"allow":["GET"]}}],"collection":[{"href":"https:\/\/novasdodia.com.br\/index.php\/wp-json\/wp\/v2\/posts"}],"about":[{"href":"https:\/\/novasdodia.com.br\/index.php\/wp-json\/wp\/v2\/types\/post"}],"author":[{"embeddable":true,"href":"https:\/\/novasdodia.com.br\/index.php\/wp-json\/wp\/v2\/users\/1"}],"replies":[{"embeddable":true,"href":"https:\/\/novasdodia.com.br\/index.php\/wp-json\/wp\/v2\/comments?post=47108"}],"version-history":[{"count":0,"href":"https:\/\/novasdodia.com.br\/index.php\/wp-json\/wp\/v2\/posts\/47108\/revisions"}],"wp:attachment":[{"href":"https:\/\/novasdodia.com.br\/index.php\/wp-json\/wp\/v2\/media?parent=47108"}],"wp:term":[{"taxonomy":"category","embeddable":true,"href":"https:\/\/novasdodia.com.br\/index.php\/wp-json\/wp\/v2\/categories?post=47108"},{"taxonomy":"post_tag","embeddable":true,"href":"https:\/\/novasdodia.com.br\/index.php\/wp-json\/wp\/v2\/tags?post=47108"}],"curies":[{"name":"wp","href":"https:\/\/api.w.org\/{rel}","templated":true}]}}